{"id":16513,"date":"2026-04-28T20:09:42","date_gmt":"2026-04-28T20:09:42","guid":{"rendered":"https:\/\/www.newsrecorder.ro\/app\/2026\/04\/28\/nicusor-dan-raspunde-motiunii-de-cenzura-ne-asteptam\/"},"modified":"2026-04-28T20:09:42","modified_gmt":"2026-04-28T20:09:42","slug":"nicusor-dan-raspunde-motiunii-de-cenzura-ne-asteptam","status":"publish","type":"post","link":"https:\/\/www.newsrecorder.ro\/app\/2026\/04\/28\/nicusor-dan-raspunde-motiunii-de-cenzura-ne-asteptam\/","title":{"rendered":"Nicu\u0219or Dan r\u0103spunde mo\u021biunii de cenzur\u0103: \u201eNe a\u0219teptam\u201d!"},"content":{"rendered":"<p>\u00cen cadrul unei declara\u021bii f\u0103cute mar\u021bi, pre\u0219edintele Nicu\u0219or Dan a comentat despre mo\u021biunea de cenzur\u0103 depus\u0103 de AUR \u0219i PSD. El a eviden\u021biat faptul c\u0103 \u201east\u0103zi s-au \u00eent\u00e2mplat dou\u0103 lucruri importante. Pe de o parte, s-a ini\u021biat o mo\u021biune de cenzur\u0103, iar pe de alt\u0103 parte, Parlamentul Rom\u00e2niei a votat alocarea a 9 miliarde de euro pentru proiectul SAFE. Aceast\u0103 mo\u021biune de cenzur\u0103 era unul dintre scenariile anticipate, av\u00e2nd \u00een vedere cre\u0219terea tensiunilor politice. Totu\u0219i, este important s\u0103 salut\u0103m abordarea pro-european\u0103 \u0219i responsabilitatea celor care au votat pentru un proiect crucial pentru Rom\u00e2nia, care acum va intra \u00een procedura de contractare la Ministerul Ap\u0103r\u0103rii\u201d, a declarat Dan.<\/p>\n<p>\u00cen continuare, Nicu\u0219or Dan a fost \u00eentrebat despre pozi\u021bia sa fa\u021b\u0103 de Ilie Bolojan. R\u0103spunsul s\u0103u a fost evasiv: \u201eRespect foarte mult persoana sa, care este extrem de serioas\u0103. Totu\u0219i, ceea ce am observat de ceva timp este c\u0103 exist\u0103 o divizare \u00eentre cele dou\u0103 p\u0103r\u021bi ale direc\u021biei pro-europeane. Aceasta situa\u021bie s-a concretizat \u00een cadrul mo\u021biunii de cenzur\u0103, iar eu aleg s\u0103 p\u0103strez o pozi\u021bie echidistant\u0103\u201d, a explicat pre\u0219edintele.<\/p>\n<p>\u00cen final, Dan a fost \u00eentrebat despre \u0219ansele ca PSD \u0219i AUR s\u0103 formeze un guvern \u00eempreun\u0103. R\u0103spunsul s\u0103u a fost clar: \u201eExtrem de improbabil! A\u0219a cum a declarat \u0219i pre\u0219edintele PSD-ului\u201d, a conchis el.<\/p>\n","protected":false},"excerpt":{"rendered":"<p>\u00cen cadrul unei declara\u021bii f\u0103cute mar\u021bi, pre\u0219edintele Nicu\u0219or Dan a comentat despre mo\u021biunea de cenzur\u0103 depus\u0103 de AUR \u0219i PSD. El a eviden\u021biat faptul c\u0103 \u201east\u0103zi s-au \u00eent\u00e2mplat dou\u0103 lucruri importante. Pe de o parte, s-a ini\u021biat o mo\u021biune de cenzur\u0103, iar pe de alt\u0103 parte, Parlamentul Rom\u00e2niei a votat alocarea a 9 miliarde de [&hellip;]<\/p>\n","protected":false},"author":2,"featured_media":16514,"comment_status":"open","ping_status":"open","sticky":false,"template":"","format":"standard","meta":{"jnews-multi-image_gallery":[],"jnews_single_post":[],"jnews_primary_category":[],"jnews_override_counter":[],"footnotes":""},"categories":[42],"tags":[1916,12212,286,18778,525,18779,300,3323],"class_list":["post-16513","post","type-post","status-publish","format-standard","has-post-thumbnail","hentry","category-politica","tag-aur","tag-motiune-de-cenzura","tag-nicusor-dan","tag-parlamentul-romaniei","tag-pro-european","tag-proiect-safe","tag-psd","tag-tensiuni-politice"],"_links":{"self":[{"href":"https:\/\/www.newsrecorder.ro\/app\/wp-json\/wp\/v2\/posts\/16513","targetHints":{"allow":["GET"]}}],"collection":[{"href":"https:\/\/www.newsrecorder.ro\/app\/wp-json\/wp\/v2\/posts"}],"about":[{"href":"https:\/\/www.newsrecorder.ro\/app\/wp-json\/wp\/v2\/types\/post"}],"author":[{"embeddable":true,"href":"https:\/\/www.newsrecorder.ro\/app\/wp-json\/wp\/v2\/users\/2"}],"replies":[{"embeddable":true,"href":"https:\/\/www.newsrecorder.ro\/app\/wp-json\/wp\/v2\/comments?post=16513"}],"version-history":[{"count":0,"href":"https:\/\/www.newsrecorder.ro\/app\/wp-json\/wp\/v2\/posts\/16513\/revisions"}],"wp:featuredmedia":[{"embeddable":true,"href":"https:\/\/www.newsrecorder.ro\/app\/wp-json\/wp\/v2\/media\/16514"}],"wp:attachment":[{"href":"https:\/\/www.newsrecorder.ro\/app\/wp-json\/wp\/v2\/media?parent=16513"}],"wp:term":[{"taxonomy":"category","embeddable":true,"href":"https:\/\/www.newsrecorder.ro\/app\/wp-json\/wp\/v2\/categories?post=16513"},{"taxonomy":"post_tag","embeddable":true,"href":"https:\/\/www.newsrecorder.ro\/app\/wp-json\/wp\/v2\/tags?post=16513"}],"curies":[{"name":"wp","href":"https:\/\/api.w.org\/{rel}","templated":true}]}}