{"id":16517,"date":"2026-04-28T20:10:29","date_gmt":"2026-04-28T20:10:29","guid":{"rendered":"https:\/\/www.newsrecorder.ro\/app\/2026\/04\/28\/muresan-reformele-lipsa-pot-bloca-total-fondurile-europene\/"},"modified":"2026-04-28T20:10:29","modified_gmt":"2026-04-28T20:10:29","slug":"muresan-reformele-lipsa-pot-bloca-total-fondurile-europene","status":"publish","type":"post","link":"https:\/\/www.newsrecorder.ro\/app\/2026\/04\/28\/muresan-reformele-lipsa-pot-bloca-total-fondurile-europene\/","title":{"rendered":"Mure\u0219an: Reformele lips\u0103 pot bloca total fondurile europene!"},"content":{"rendered":"<p><a href=\"https:\/\/www.mediafax.ro\/stirile-zilei\/parlamentul-european-a-votat-urmatorul-buget-al-ue-cu-10-mai-mare-cheltuielile-ue-ajung-la-peste-2-trilioane-de-euro-suplimentare-pentru-fermieri-23727905\">Parlamentul European<\/a> a aprobat ast\u0103zi un buget pe urm\u0103torii \u0219apte ani, cu o valoare cu 10% mai mare dec\u00e2t propunerea ini\u021bial\u0103 a Comisiei Europene. Aceast\u0103 decizie va face ca cheltuielile totale ale Uniunii Europene s\u0103 dep\u0103\u0219easc\u0103 suma impresionant\u0103 de dou\u0103 trilioane de euro.<\/p>\n<p>Raportul care a stat la baza votului a fost redactat de Siegfried Mure\u0219an, din partea Partidului Popular European (PPE), \u0219i Carla Tavares, din cadrul grupului Sociali\u0219tilor \u0219i Democra\u021bilor (S&amp;D).<\/p>\n<p>\u201eAcest buget con\u021bine, \u00een primul r\u00e2nd, resurse suficiente pentru a r\u0103spunde noilor priorit\u0103\u021bi ale Uniunii Europene, cum ar fi securitatea \u0219i ap\u0103rarea, dar \u0219i competitivitatea. \u00cen plus, am reu\u0219it s\u0103 ob\u021binem cre\u0219teri semnificative \u0219i s\u0103 respingem t\u0103ierile propuse de Comisia European\u0103 pentru Politica Agricol\u0103 Comun\u0103 \u0219i Politica de Coeziune,\u201d a declarat Siegfried Mure\u0219an.<\/p>\n<p>Un aspect important subliniat de Mure\u0219an este c\u0103 statele membre care nu implementeaz\u0103 reformele necesare risc\u0103 s\u0103 piard\u0103 accesul la fondurile europene. \u201eEste esen\u021bial nu doar s\u0103 ne concentr\u0103m pe sum\u0103, ci \u0219i pe condi\u021biile \u00een care sunt acordate aceste fonduri. Trebuie s\u0103 \u00eenv\u0103\u021b\u0103m din experien\u021bele anterioare, cum ar fi Planurile Na\u021bionale de Redresare \u0219i Rezilien\u021b\u0103. Leg\u0103tura dintre investi\u021bii \u0219i reforme trebuie s\u0103 devin\u0103 o realitate \u00een bugetul Uniunii Europene\u201d, a explicat el.<\/p>\n<p>Mure\u0219an a subliniat c\u0103, f\u0103r\u0103 reforme, nu vor putea fi accesate fondurile europene \u00een perioada 2028-2034. El a f\u0103cut referire la situa\u021bia din Ungaria, unde, conform afirma\u021biilor sale, peste 20 de miliarde de euro sunt blocate, incluz\u00e2nd fonduri din mecanismul de redresare \u0219i din fondurile structurale \u0219i de coeziune.<\/p>\n<p>\u201eOrice stat membru care nu respect\u0103 valorile \u0219i regulile Uniunii Europene sau care nu implementeaz\u0103 reformele asumate risc\u0103 s\u0103 se confrunte cu o situa\u021bie similar\u0103,\u201d a avertizat Mure\u0219an. El a ad\u0103ugat c\u0103 statele care aleg guverne ce atac\u0103 valorile europene se expun riscului de a avea fondurile europene blocate \u00een anii urm\u0103tori. \u201eNu ne dorim acest lucru pentru niciun stat membru, dar, a\u0219a cum Viktor Orban a dus Ungaria \u00een s\u0103r\u0103cie \u0219i izolare economic\u0103, acest risc este real pentru orice \u021bar\u0103 care opteaz\u0103 pentru un guvern antieuropean,\u201d a ad\u0103ugat el.<\/p>\n<p>\u00cen ceea ce prive\u0219te Rom\u00e2nia, Mure\u0219an a eviden\u021biat beneficiile financiare ale apartenen\u021bei la Uniunea European\u0103. \u201eDe la aderarea Rom\u00e2niei la UE p\u00e2n\u0103 \u00een prezent, am contribuit cu aproximativ 35 de miliarde de euro la bugetul Uniunii Europene \u0219i am absorbit \u00een jur de 110 miliarde de euro. Astfel, pentru fiecare euro pl\u0103tit, am primit \u00eenapoi peste 3 euro,\u201d a concluzionat el.<\/p>\n","protected":false},"excerpt":{"rendered":"<p>Parlamentul European a aprobat ast\u0103zi un buget pe urm\u0103torii \u0219apte ani, cu o valoare cu 10% mai mare dec\u00e2t propunerea ini\u021bial\u0103 a Comisiei Europene. Aceast\u0103 decizie va face ca cheltuielile totale ale Uniunii Europene s\u0103 dep\u0103\u0219easc\u0103 suma impresionant\u0103 de dou\u0103 trilioane de euro. Raportul care a stat la baza votului a fost redactat de Siegfried [&hellip;]<\/p>\n","protected":false},"author":2,"featured_media":16518,"comment_status":"open","ping_status":"open","sticky":false,"template":"","format":"standard","meta":{"jnews-multi-image_gallery":[],"jnews_single_post":[],"jnews_primary_category":[],"jnews_override_counter":[],"footnotes":""},"categories":[42],"tags":[9873,18781,18783,634,18782,6838,9627,6003],"class_list":["post-16517","post","type-post","status-publish","format-standard","has-post-thumbnail","hentry","category-politica","tag-buget-european","tag-cheltuieli-uniunea-europeana","tag-grupul-socialistilor","tag-parlamentul-european","tag-politici-agricole","tag-reforme-necesare","tag-securitate-si-aparare","tag-siegfried-muresan"],"_links":{"self":[{"href":"https:\/\/www.newsrecorder.ro\/app\/wp-json\/wp\/v2\/posts\/16517","targetHints":{"allow":["GET"]}}],"collection":[{"href":"https:\/\/www.newsrecorder.ro\/app\/wp-json\/wp\/v2\/posts"}],"about":[{"href":"https:\/\/www.newsrecorder.ro\/app\/wp-json\/wp\/v2\/types\/post"}],"author":[{"embeddable":true,"href":"https:\/\/www.newsrecorder.ro\/app\/wp-json\/wp\/v2\/users\/2"}],"replies":[{"embeddable":true,"href":"https:\/\/www.newsrecorder.ro\/app\/wp-json\/wp\/v2\/comments?post=16517"}],"version-history":[{"count":0,"href":"https:\/\/www.newsrecorder.ro\/app\/wp-json\/wp\/v2\/posts\/16517\/revisions"}],"wp:featuredmedia":[{"embeddable":true,"href":"https:\/\/www.newsrecorder.ro\/app\/wp-json\/wp\/v2\/media\/16518"}],"wp:attachment":[{"href":"https:\/\/www.newsrecorder.ro\/app\/wp-json\/wp\/v2\/media?parent=16517"}],"wp:term":[{"taxonomy":"category","embeddable":true,"href":"https:\/\/www.newsrecorder.ro\/app\/wp-json\/wp\/v2\/categories?post=16517"},{"taxonomy":"post_tag","embeddable":true,"href":"https:\/\/www.newsrecorder.ro\/app\/wp-json\/wp\/v2\/tags?post=16517"}],"curies":[{"name":"wp","href":"https:\/\/api.w.org\/{rel}","templated":true}]}}