{"id":16523,"date":"2026-04-28T23:36:33","date_gmt":"2026-04-28T23:36:33","guid":{"rendered":"https:\/\/www.newsrecorder.ro\/app\/2026\/04\/28\/pasapoarte-americane-cu-chipul-lui-trump-pentru-aniversarea-de-250-de-ani\/"},"modified":"2026-04-28T23:36:33","modified_gmt":"2026-04-28T23:36:33","slug":"pasapoarte-americane-cu-chipul-lui-trump-pentru-aniversarea-de-250-de-ani","status":"publish","type":"post","link":"https:\/\/www.newsrecorder.ro\/app\/2026\/04\/28\/pasapoarte-americane-cu-chipul-lui-trump-pentru-aniversarea-de-250-de-ani\/","title":{"rendered":"Pa\u0219apoarte americane cu chipul lui Trump, pentru aniversarea de 250 de ani!"},"content":{"rendered":"<p>Recent, un oficial a anun\u021bat c\u0103 pa\u0219aportul american va adopta un nou design standard, care va include imaginea lui Donald Trump. Acest model va fi emis de Agen\u021bia de Pa\u0219apoarte din Washington, odat\u0103 ce va deveni disponibil pentru cei care \u00ee\u0219i re\u00eennoiesc pa\u0219apoartele personal la acea loca\u021bie, conform informa\u021biilor furnizate de <a href=\"https:\/\/edition.cnn.com\/2026\/04\/28\/politics\/us-trump-passport\" target=\"_blank\" rel=\"noopener\">CNN<\/a>.<\/p>\n<p>Oficialul a subliniat c\u0103 op\u021biunile de re\u00eennoire online sau prin alte loca\u021bii vor p\u0103stra designul actual al pa\u0219aportului, \u00een timp ce prezen\u021ba chipului lui Trump pe pa\u0219apoarte reprezint\u0103 un moment semnificativ, av\u00e2nd loc cu ocazia celebr\u0103rii celei de-a 250-a anivers\u0103ri a independen\u021bei Statelor Unite.<\/p>\n<p>Pa\u0219aportul american, spre deosebire de o moned\u0103 comemorativ\u0103 sau un permis de acces \u00een parcurile na\u021bionale, este o form\u0103 recunoscut\u0103 de identificare la nivel interna\u021bional, av\u00e2nd o valabilitate obi\u0219nuit\u0103 de 10 ani, \u0219i este considerat unul dintre cele mai sigure documente din lume.<\/p>\n<p>\u00cen conformitate cu macheta noului pa\u0219aport, chipul lui Trump \u0219i semn\u0103tura sa vor ap\u0103rea \u00eentr-o nuan\u021b\u0103 de aur pe coperta interioar\u0103. Purt\u0103torul de cuv\u00e2nt al Departamentului de Stat, Tommy Pigott, a declarat c\u0103, pe m\u0103sur\u0103 ce Statele Unite se preg\u0103tesc s\u0103 celebreze aceast\u0103 aniversare istoric\u0103 \u00een luna iulie, se vor lansa un num\u0103r limitat de pa\u0219apoarte special concepute pentru ocazia respectiv\u0103.<\/p>\n<p>\u201eAceste pa\u0219apoarte vor include ilustra\u021bii personalizate \u0219i imagini \u00eembun\u0103t\u0103\u021bite, men\u021bin\u00e2nd \u00een acela\u0219i timp caracteristicile de securitate care fac din pa\u0219aportul american unul dintre cele mai sigure documente din lume\u201d, a ad\u0103ugat Pigott.<\/p>\n<p>Informa\u021bia a fost ini\u021bial raportat\u0103 de The Bulwark, iar Fox News a publicat pentru prima dat\u0103 macheta noului pa\u0219aport. Se preconizeaz\u0103 c\u0103 Departamentul de Stat va \u00eencepe eliberarea acestor pa\u0219apoarte \u00een aceast\u0103 var\u0103, \u00eens\u0103 detalii exacte despre num\u0103rul acestora r\u0103m\u00e2n neclare.<\/p>\n<p>Conform machetei, pe coperta din spate a pa\u0219aportului va figura o imagine din celebra lucrare \u201eDeclara\u021bia de Independen\u021b\u0103\u201d de John Trumbull. \u00cen prezent, pe coperta interioar\u0103 din fa\u021b\u0103 a pa\u0219apoartelor americane se reg\u0103se\u0219te o ilustra\u021bie din tabloul lui Percy Moran, care \u00eel prezint\u0103 pe Francis Scott Key \u00een diminea\u021ba de dup\u0103 bombardamentul Fortului McHenry, o b\u0103t\u0103lie ce l-a inspirat s\u0103 scrie imnul na\u021bional al SUA. Versurile imnului sunt, de asemenea, tip\u0103rite pe aceast\u0103 copert\u0103 interioar\u0103.<\/p>\n<p>De asemenea, Departamentul de Interne, responsabil cu gestionarea parcurilor na\u021bionale, a anun\u021bat anul trecut c\u0103 va introduce \u201enoi modele comemorative\u201d pentru permisele de acces \u00een parcuri, unul dintre acestea av\u00e2ndu-l ca protagonist pe Trump al\u0103turi de George Washington. Secretarul Doug Burgum a declarat c\u0103 este o onoare pentru departament s\u0103 prezinte permisul \u201eAmerica the Beautiful\u201d, care onoreaz\u0103 at\u00e2t aniversarea Americii, c\u00e2t \u0219i genera\u021biile care au contribuit la protejarea teritoriilor \u021b\u0103rii.<\/p>\n<p>\u00cen plus, luna trecut\u0103, Comisia de Arte Plastice, selectat\u0103 de Trump, a votat pentru aprobarea unei monede comemorative dedicat\u0103 celei de-a 250-a anivers\u0103ri a Statelor Unite, pe care este reprezentat chipul pre\u0219edintelui. De asemenea, anul trecut, numele lui Trump a fost asociat cu at\u00e2t Centrul Kennedy, c\u00e2t \u0219i Institutul American pentru Pace.<\/p>\n","protected":false},"excerpt":{"rendered":"<p>Recent, un oficial a anun\u021bat c\u0103 pa\u0219aportul american va adopta un nou design standard, care va include imaginea lui Donald Trump. Acest model va fi emis de Agen\u021bia de Pa\u0219apoarte din Washington, odat\u0103 ce va deveni disponibil pentru cei care \u00ee\u0219i re\u00eennoiesc pa\u0219apoartele personal la acea loca\u021bie, conform informa\u021biilor furnizate de CNN. Oficialul a subliniat [&hellip;]<\/p>\n","protected":false},"author":2,"featured_media":16524,"comment_status":"open","ping_status":"open","sticky":false,"template":"","format":"standard","meta":{"jnews-multi-image_gallery":[],"jnews_single_post":[],"jnews_primary_category":[],"jnews_override_counter":[],"footnotes":""},"categories":[39],"tags":[18794,18795,18792,18797,31,18796,18791,18793],"class_list":["post-16523","post","type-post","status-publish","format-standard","has-post-thumbnail","hentry","category-stirile-zilei","tag-agentia-de-pasapoarte","tag-aniversare-independenta","tag-design-nou","tag-documente-sigure","tag-jnews_demo_donald-trump","tag-identificare-internationala","tag-pasaport-american","tag-reinnoire"],"_links":{"self":[{"href":"https:\/\/www.newsrecorder.ro\/app\/wp-json\/wp\/v2\/posts\/16523","targetHints":{"allow":["GET"]}}],"collection":[{"href":"https:\/\/www.newsrecorder.ro\/app\/wp-json\/wp\/v2\/posts"}],"about":[{"href":"https:\/\/www.newsrecorder.ro\/app\/wp-json\/wp\/v2\/types\/post"}],"author":[{"embeddable":true,"href":"https:\/\/www.newsrecorder.ro\/app\/wp-json\/wp\/v2\/users\/2"}],"replies":[{"embeddable":true,"href":"https:\/\/www.newsrecorder.ro\/app\/wp-json\/wp\/v2\/comments?post=16523"}],"version-history":[{"count":0,"href":"https:\/\/www.newsrecorder.ro\/app\/wp-json\/wp\/v2\/posts\/16523\/revisions"}],"wp:featuredmedia":[{"embeddable":true,"href":"https:\/\/www.newsrecorder.ro\/app\/wp-json\/wp\/v2\/media\/16524"}],"wp:attachment":[{"href":"https:\/\/www.newsrecorder.ro\/app\/wp-json\/wp\/v2\/media?parent=16523"}],"wp:term":[{"taxonomy":"category","embeddable":true,"href":"https:\/\/www.newsrecorder.ro\/app\/wp-json\/wp\/v2\/categories?post=16523"},{"taxonomy":"post_tag","embeddable":true,"href":"https:\/\/www.newsrecorder.ro\/app\/wp-json\/wp\/v2\/tags?post=16523"}],"curies":[{"name":"wp","href":"https:\/\/api.w.org\/{rel}","templated":true}]}}