{"id":16525,"date":"2026-04-28T23:36:47","date_gmt":"2026-04-28T23:36:47","guid":{"rendered":"https:\/\/www.newsrecorder.ro\/app\/2026\/04\/28\/ciprian-ciucu-reforma-sau-ticalosie-adevarul-despre-split\/"},"modified":"2026-04-28T23:36:47","modified_gmt":"2026-04-28T23:36:47","slug":"ciprian-ciucu-reforma-sau-ticalosie-adevarul-despre-split","status":"publish","type":"post","link":"https:\/\/www.newsrecorder.ro\/app\/2026\/04\/28\/ciprian-ciucu-reforma-sau-ticalosie-adevarul-despre-split\/","title":{"rendered":"Ciprian Ciucu: Reform\u0103 sau tic\u0103lo\u0219ie? Adev\u0103rul despre &#8222;split&#8221;!"},"content":{"rendered":"<p>Ciprian Ciucu a lansat o declara\u021bie puternic\u0103 pe re\u021belele sociale, afirm\u00e2nd c\u0103 Rom\u00e2nia se confrunt\u0103 cu un sistem corupt care prioritizeaz\u0103 men\u021binerea puterii \u0219i a privilegiilor \u00een detrimentul cet\u0103\u021benilor. \u201eNu avem un \u2018split\u2019. Avem un sistem tic\u0103lo\u0219it care face totul pentru a-\u0219i p\u0103stra puterea, privilegiile \u0219i banii pe seama rom\u00e2nilor \u0219i avem o mi\u015fcare reformist\u0103 care \u00eencearc\u0103 s\u0103 \u021bin\u0103 \u021bara pe linia de plutire,\u201d a scris el pe <a href=\"https:\/\/www.facebook.com\/ciprian.ciucu\/posts\/pfbid02qXtEP9xevYzHZ5VDLCsUSQLApWdnZxyPPhbwTXewzr9w4yBmacGtmkBm3FWxE8ifl\" target=\"_blank\" rel=\"noopener\">Facebook<\/a>.<\/p>\n<p>Cu privire la discu\u021biile despre o eventual\u0103 dilem\u0103 moral\u0103 \u00een politica rom\u00e2neasc\u0103, Ciucu a declarat: \u201eUnde este dilema moral\u0103, c\u0103 eu nu o v\u0103d? Acesta e \u2018split-ul\u2019. \u2018Pro-european\u2019 se refer\u0103 la categoria a doua, cea cu linia de plutire.\u201d<\/p>\n<p>Aceast\u0103 reac\u021bie a venit \u00een urma comentariilor pre\u0219edintelui Nicu\u0219or Dan, care, mar\u021bi, la Dubrovnik, a spus c\u0103 \u00een politica rom\u00e2neasc\u0103 exist\u0103 un \u201esplit al celor dou\u0103 direc\u021bii proeuropene\u201d, \u00een contextul tensiunilor generate de mo\u021biunea de cenzur\u0103 depus\u0103 \u00een Parlament.<\/p>\n<p>Nicu\u0219or Dan a subliniat c\u0103, \u00een leg\u0103tur\u0103 cu mo\u021biunea, se consider\u0103 un act administrativ \u0219i c\u0103 \u00ee\u0219i p\u0103streaz\u0103 o pozi\u021bie de echidistan\u021b\u0103. De asemenea, el a men\u021bionat c\u0103 este \u201eextrem de improbabil ca PSD s\u0103 fac\u0103 guvern cu AUR, a\u0219a cum a declarat \u0219i pre\u0219edintele PSD. Trebuie s\u0103-i lu\u0103m \u00een serios\u201d, a ad\u0103ugat el.<\/p>\n","protected":false},"excerpt":{"rendered":"<p>Ciprian Ciucu a lansat o declara\u021bie puternic\u0103 pe re\u021belele sociale, afirm\u00e2nd c\u0103 Rom\u00e2nia se confrunt\u0103 cu un sistem corupt care prioritizeaz\u0103 men\u021binerea puterii \u0219i a privilegiilor \u00een detrimentul cet\u0103\u021benilor. \u201eNu avem un \u2018split\u2019. Avem un sistem tic\u0103lo\u0219it care face totul pentru a-\u0219i p\u0103stra puterea, privilegiile \u0219i banii pe seama rom\u00e2nilor \u0219i avem o mi\u015fcare reformist\u0103 [&hellip;]<\/p>\n","protected":false},"author":2,"featured_media":16526,"comment_status":"open","ping_status":"open","sticky":false,"template":"","format":"standard","meta":{"jnews-multi-image_gallery":[],"jnews_single_post":[],"jnews_primary_category":[],"jnews_override_counter":[],"footnotes":""},"categories":[39],"tags":[1044,1076,269,18798,525,3471,2039,149],"class_list":["post-16525","post","type-post","status-publish","format-standard","has-post-thumbnail","hentry","category-stirile-zilei","tag-ciprian-ciucu","tag-coruptie","tag-politica","tag-privilegii","tag-pro-european","tag-putere","tag-reforma","tag-romania"],"_links":{"self":[{"href":"https:\/\/www.newsrecorder.ro\/app\/wp-json\/wp\/v2\/posts\/16525","targetHints":{"allow":["GET"]}}],"collection":[{"href":"https:\/\/www.newsrecorder.ro\/app\/wp-json\/wp\/v2\/posts"}],"about":[{"href":"https:\/\/www.newsrecorder.ro\/app\/wp-json\/wp\/v2\/types\/post"}],"author":[{"embeddable":true,"href":"https:\/\/www.newsrecorder.ro\/app\/wp-json\/wp\/v2\/users\/2"}],"replies":[{"embeddable":true,"href":"https:\/\/www.newsrecorder.ro\/app\/wp-json\/wp\/v2\/comments?post=16525"}],"version-history":[{"count":0,"href":"https:\/\/www.newsrecorder.ro\/app\/wp-json\/wp\/v2\/posts\/16525\/revisions"}],"wp:featuredmedia":[{"embeddable":true,"href":"https:\/\/www.newsrecorder.ro\/app\/wp-json\/wp\/v2\/media\/16526"}],"wp:attachment":[{"href":"https:\/\/www.newsrecorder.ro\/app\/wp-json\/wp\/v2\/media?parent=16525"}],"wp:term":[{"taxonomy":"category","embeddable":true,"href":"https:\/\/www.newsrecorder.ro\/app\/wp-json\/wp\/v2\/categories?post=16525"},{"taxonomy":"post_tag","embeddable":true,"href":"https:\/\/www.newsrecorder.ro\/app\/wp-json\/wp\/v2\/tags?post=16525"}],"curies":[{"name":"wp","href":"https:\/\/api.w.org\/{rel}","templated":true}]}}