{"id":16537,"date":"2026-04-28T23:38:30","date_gmt":"2026-04-28T23:38:30","guid":{"rendered":"https:\/\/www.newsrecorder.ro\/app\/2026\/04\/28\/radu-miruta-drona-din-galati-invizibila-pe-radar-solutii-inovatoare\/"},"modified":"2026-04-28T23:38:30","modified_gmt":"2026-04-28T23:38:30","slug":"radu-miruta-drona-din-galati-invizibila-pe-radar-solutii-inovatoare","status":"publish","type":"post","link":"https:\/\/www.newsrecorder.ro\/app\/2026\/04\/28\/radu-miruta-drona-din-galati-invizibila-pe-radar-solutii-inovatoare\/","title":{"rendered":"Radu Miru\u021b\u0103: Drona din Gala\u021bi, invizibil\u0103 pe radar &#8211; solu\u021bii inovatoare!"},"content":{"rendered":"<p style=\"text-align: left\">\u201eDrona de la Gala\u021bi nu a fost detectat\u0103 pe radar deoarece zbura la o altitudine de doar 50 de metri. Radarele noastre sunt concepute pentru a detecta obiecte de la altitudini mai mari\u201d, a declarat mar\u021bi ministrul Ap\u0103r\u0103rii, \u00eentr-un interviu acordat Euronews Romania.<\/p>\n<p style=\"text-align: left\">Amenin\u021b\u0103ri emergente la altitudini reduse<\/p>\n<p style=\"text-align: left\">Ministrul Miru\u021b\u0103 a explicat c\u0103 actuala ap\u0103rare aerian\u0103 a Rom\u00e2niei este preg\u0103tit\u0103 s\u0103 fac\u0103 fa\u021b\u0103 amenin\u021b\u0103rilor venite de la altitudini mari. Cu toate acestea, riscurile recente provin din zona joas\u0103, unde dronele mici sunt foarte greu de depistat. Acestea au o suprafa\u021b\u0103 de reflexie mic\u0103 \u0219i pot naviga \u00een zone greu accesibile, cum ar fi v\u0103ile sau terenurile accidentate, unde semnalul radar poate fi perturbat.<\/p>\n<p style=\"text-align: left\">\u201eArmata Rom\u00e2n\u0103 a fost conceput\u0103 pentru a proteja spa\u021biul aerian la altitudini mai mari. Acum, pericolul provine \u0219i de la obiecte mici, cu suprafa\u021b\u0103 de reflexie redus\u0103\u201d, a subliniat ministrul.<\/p>\n<p style=\"text-align: left\">\u201eAdesea, semnalul nu ajunge la surs\u0103 din cauza obstacolelor naturale, precum dealurile sau mun\u021bii, iar \u021bintele sunt extrem de mici\u201d, a ad\u0103ugat el.<\/p>\n<p style=\"text-align: left\">Implementarea de noi sisteme anti-dron\u0103<\/p>\n<p style=\"text-align: left\">Ministrul Ap\u0103r\u0103rii a anun\u021bat c\u0103 Rom\u00e2nia a \u00eenceput s\u0103 \u00ee\u0219i adapteze strategia \u00een fa\u021ba acestor amenin\u021b\u0103ri, incluz\u00e2nd solu\u021bii specifice \u00een planul de \u00eenzestrare: \u201e\u00cen ultimele luni, am integrat \u00een sistem solu\u021bii care ne permit s\u0103 detect\u0103m aceste drone.\u201d<\/p>\n<p style=\"text-align: left\">Conform acestuia, noile sisteme vor facilita nu doar detectarea \u021bintelor la altitudini reduse, ci \u0219i interceptarea acestora \u00een anumite situa\u021bii.<\/p>\n<p style=\"text-align: left\">Livr\u0103rile se vor \u00eentinde p\u00e2n\u0103 \u00een 2028<\/p>\n<p style=\"text-align: left\">Miru\u021b\u0103 a men\u021bionat c\u0103 Rom\u00e2nia a inclus mai multe proiecte legate de sistemele anti-dron\u0103 \u00een planurile recent aprobate de Parlament, \u00eens\u0103 livr\u0103rile vor fi \u00eentinse pe o perioad\u0103 mai lung\u0103. \u201eDe acum 2-3 ani, dup\u0103 ce acest tip de amenin\u021bare a devenit evident, Rom\u00e2nia a modificat strategia \u0219i a inclus solu\u021bii \u00een planul de \u00eenzestrare. Unele livr\u0103ri sunt a\u0219teptate \u00een 2027, iar altele \u00een 2028\u201d, a afirmat ministrul.<\/p>\n<p style=\"text-align: left\">El a subliniat c\u0103 problema nu este exclusiv\u0103 Rom\u00e2niei, men\u021bion\u00e2nd c\u0103 cererea global\u0103 pentru astfel de sisteme este foarte mare, iar produc\u0103torii nu reu\u0219esc s\u0103 fac\u0103 fa\u021b\u0103 solicit\u0103rilor: \u201eNu suntem singurii. Toate \u021b\u0103rile au adoptat m\u0103suri similare, dar produc\u021bia acestor sisteme nu poate \u021bine pasul cu cererea.\u201d<\/p>\n<p style=\"text-align: left\">Reac\u021bii dup\u0103 incidentul de la Gala\u021bi<\/p>\n<p style=\"text-align: left\">\u00cen urma incidentului de la Gala\u021bi, unde o dron\u0103 zbur\u00e2nd la joas\u0103 altitudine a r\u0103mas nedetectat\u0103, autorit\u0103\u021bile rom\u00e2ne au repozi\u021bionat unele sisteme antiaeriene \u0219i au introdus altele noi \u00een zonele vulnerabile. Ministrul a caracterizat acest incident ca fiind o \u201eborn\u0103 major\u0103\u201d \u00een procesul de adaptare a ap\u0103r\u0103rii la amenin\u021b\u0103rile generate de drone.<\/p>\n<p style=\"text-align: left\">\u201eDin scenariile care anterior nu erau acoperite, acum c\u00e2teva sunt incluse\u201d, a declarat Miru\u021b\u0103. De\u0219i oficialul a recunoscut c\u0103 riscurile nu pot fi complet eliminate, el a ad\u0103ugat c\u0103 probabilitatea unor incidente similare este \u00een sc\u0103dere.<\/p>\n","protected":false},"excerpt":{"rendered":"<p>\u201eDrona de la Gala\u021bi nu a fost detectat\u0103 pe radar deoarece zbura la o altitudine de doar 50 de metri. Radarele noastre sunt concepute pentru a detecta obiecte de la altitudini mai mari\u201d, a declarat mar\u021bi ministrul Ap\u0103r\u0103rii, \u00eentr-un interviu acordat Euronews Romania. Amenin\u021b\u0103ri emergente la altitudini reduse Ministrul Miru\u021b\u0103 a explicat c\u0103 actuala ap\u0103rare [&hellip;]<\/p>\n","protected":false},"author":2,"featured_media":16538,"comment_status":"open","ping_status":"open","sticky":false,"template":"","format":"standard","meta":{"jnews-multi-image_gallery":[],"jnews_single_post":[],"jnews_primary_category":[],"jnews_override_counter":[],"footnotes":""},"categories":[39],"tags":[18819,18818,4451,4997,3776,18820,18817,18821],"class_list":["post-16537","post","type-post","status-publish","format-standard","has-post-thumbnail","hentry","category-stirile-zilei","tag-altitudine-redusa","tag-amenintari-emergente","tag-aparare-aeriana","tag-armata-romana","tag-drona","tag-obiecte-mici","tag-radar","tag-suprafata-de-reflexie"],"_links":{"self":[{"href":"https:\/\/www.newsrecorder.ro\/app\/wp-json\/wp\/v2\/posts\/16537","targetHints":{"allow":["GET"]}}],"collection":[{"href":"https:\/\/www.newsrecorder.ro\/app\/wp-json\/wp\/v2\/posts"}],"about":[{"href":"https:\/\/www.newsrecorder.ro\/app\/wp-json\/wp\/v2\/types\/post"}],"author":[{"embeddable":true,"href":"https:\/\/www.newsrecorder.ro\/app\/wp-json\/wp\/v2\/users\/2"}],"replies":[{"embeddable":true,"href":"https:\/\/www.newsrecorder.ro\/app\/wp-json\/wp\/v2\/comments?post=16537"}],"version-history":[{"count":0,"href":"https:\/\/www.newsrecorder.ro\/app\/wp-json\/wp\/v2\/posts\/16537\/revisions"}],"wp:featuredmedia":[{"embeddable":true,"href":"https:\/\/www.newsrecorder.ro\/app\/wp-json\/wp\/v2\/media\/16538"}],"wp:attachment":[{"href":"https:\/\/www.newsrecorder.ro\/app\/wp-json\/wp\/v2\/media?parent=16537"}],"wp:term":[{"taxonomy":"category","embeddable":true,"href":"https:\/\/www.newsrecorder.ro\/app\/wp-json\/wp\/v2\/categories?post=16537"},{"taxonomy":"post_tag","embeddable":true,"href":"https:\/\/www.newsrecorder.ro\/app\/wp-json\/wp\/v2\/tags?post=16537"}],"curies":[{"name":"wp","href":"https:\/\/api.w.org\/{rel}","templated":true}]}}