{"id":16543,"date":"2026-04-29T02:41:24","date_gmt":"2026-04-29T02:41:24","guid":{"rendered":"https:\/\/www.newsrecorder.ro\/app\/2026\/04\/29\/ana-barbosu-suspendata-doi-ani-pentru-dopaj-detalii-socante\/"},"modified":"2026-04-29T02:41:24","modified_gmt":"2026-04-29T02:41:24","slug":"ana-barbosu-suspendata-doi-ani-pentru-dopaj-detalii-socante","status":"publish","type":"post","link":"https:\/\/www.newsrecorder.ro\/app\/2026\/04\/29\/ana-barbosu-suspendata-doi-ani-pentru-dopaj-detalii-socante\/","title":{"rendered":"Ana B\u0103rbosu, suspendat\u0103 doi ani pentru dopaj: Detalii \u0219ocante!"},"content":{"rendered":"<p>Decizia de suspendare a gimnastei de 19 ani a fost luat\u0103 dup\u0103 ce aceasta nu a fost g\u0103sit\u0103 la domiciliu \u00een trei ocazii distincte pe parcursul unui an, conform raport\u0103rilor reprezentan\u021bilor Agen\u021biei Na\u021bionale Anti-Doping (ANAD). Aceast\u0103 situa\u021bie, conform reglement\u0103rilor Agen\u021biei Mondiale Anti-Doping (WADA), poate conduce la o sanc\u021biune sever\u0103, inclusiv suspendarea, informeaz\u0103 <a href=\"https:\/\/www.prosport.ro\/alte-sporturi\/ana-barbosu-decizie-suspendata-2-ani-20429817\" target=\"_blank\" rel=\"noopener\">ProSport<\/a>.<\/p>\n<p>Informa\u021biile disponibile sugereaz\u0103 c\u0103 o abatere a fost \u00eenregistrat\u0103 pe teritoriul Rom\u00e2niei, \u00een timp ce celelalte dou\u0103 au avut loc \u00een Statele Unite ale Americii. Aceste evenimente au dus la ini\u021bierea unei proceduri disciplinare \u0219i la evaluarea cazului de c\u0103tre International Testing Agency (ITA).<\/p>\n<p>De asemenea, gimnasta studiaz\u0103 \u00een primul an la Universitatea Stanford din SUA, ceea ce complic\u0103 \u0219i mai mult situa\u021bia sa.<\/p>\n<p>\u00cen fa\u021ba acestei situa\u021bii, Federa\u021bia Rom\u00e2n\u0103 de Gimnastic\u0103 a decis s\u0103 conteste decizia de suspendare, preg\u0103tind un recurs \u00een acest sens. \u00cen acela\u0219i timp, echipa de suport a sportivei a \u00eencercat s\u0103 ofere justific\u0103ri pentru absen\u021bele acesteia, \u00eens\u0103 p\u00e2n\u0103 \u00een prezent, aceste argumente nu au fost conving\u0103toare.<\/p>\n<p>Conform regulamentelor antidoping, trei \u201eteste ratate\u201d sau nerespectarea obliga\u021biilor de localizare \u00eentr-o perioad\u0103 de 12 luni pot fi considerate o abatere grav\u0103, chiar dac\u0103 nu s-a \u00eenregistrat un test pozitiv.<\/p>\n<p>\u00cen ap\u0103rarea sportivei se afl\u0103 avocatul Howard Jacobs, un nume cunoscut \u00een domeniul dreptului sportiv, care a reprezentat numero\u0219i sportivi de elit\u0103 \u00een cazuri interna\u021bionale legate de dopaj.<\/p>\n","protected":false},"excerpt":{"rendered":"<p>Decizia de suspendare a gimnastei de 19 ani a fost luat\u0103 dup\u0103 ce aceasta nu a fost g\u0103sit\u0103 la domiciliu \u00een trei ocazii distincte pe parcursul unui an, conform raport\u0103rilor reprezentan\u021bilor Agen\u021biei Na\u021bionale Anti-Doping (ANAD). Aceast\u0103 situa\u021bie, conform reglement\u0103rilor Agen\u021biei Mondiale Anti-Doping (WADA), poate conduce la o sanc\u021biune sever\u0103, inclusiv suspendarea, informeaz\u0103 ProSport. Informa\u021biile disponibile [&hellip;]<\/p>\n","protected":false},"author":6,"featured_media":16544,"comment_status":"open","ping_status":"open","sticky":false,"template":"","format":"standard","meta":{"jnews-multi-image_gallery":[],"jnews_single_post":[],"jnews_primary_category":[],"jnews_override_counter":[],"footnotes":""},"categories":[46],"tags":[18828,18827,18825,6792,8022,18829,706,14713],"class_list":["post-16543","post","type-post","status-publish","format-standard","has-post-thumbnail","hentry","category-sport","tag-anad","tag-anti-doping","tag-federatia-romana-de-gimnastica","tag-gimnasta","tag-procedura-disciplinara","tag-stanford","tag-suspendare","tag-wada"],"_links":{"self":[{"href":"https:\/\/www.newsrecorder.ro\/app\/wp-json\/wp\/v2\/posts\/16543","targetHints":{"allow":["GET"]}}],"collection":[{"href":"https:\/\/www.newsrecorder.ro\/app\/wp-json\/wp\/v2\/posts"}],"about":[{"href":"https:\/\/www.newsrecorder.ro\/app\/wp-json\/wp\/v2\/types\/post"}],"author":[{"embeddable":true,"href":"https:\/\/www.newsrecorder.ro\/app\/wp-json\/wp\/v2\/users\/6"}],"replies":[{"embeddable":true,"href":"https:\/\/www.newsrecorder.ro\/app\/wp-json\/wp\/v2\/comments?post=16543"}],"version-history":[{"count":0,"href":"https:\/\/www.newsrecorder.ro\/app\/wp-json\/wp\/v2\/posts\/16543\/revisions"}],"wp:featuredmedia":[{"embeddable":true,"href":"https:\/\/www.newsrecorder.ro\/app\/wp-json\/wp\/v2\/media\/16544"}],"wp:attachment":[{"href":"https:\/\/www.newsrecorder.ro\/app\/wp-json\/wp\/v2\/media?parent=16543"}],"wp:term":[{"taxonomy":"category","embeddable":true,"href":"https:\/\/www.newsrecorder.ro\/app\/wp-json\/wp\/v2\/categories?post=16543"},{"taxonomy":"post_tag","embeddable":true,"href":"https:\/\/www.newsrecorder.ro\/app\/wp-json\/wp\/v2\/tags?post=16543"}],"curies":[{"name":"wp","href":"https:\/\/api.w.org\/{rel}","templated":true}]}}