{"id":16549,"date":"2026-04-29T02:42:23","date_gmt":"2026-04-29T02:42:23","guid":{"rendered":"https:\/\/www.newsrecorder.ro\/app\/2026\/04\/29\/barbat-condamnat-la-7-ani-pentru-tentativa-de-incendiere-a-unei-sinagogi\/"},"modified":"2026-04-29T02:42:23","modified_gmt":"2026-04-29T02:42:23","slug":"barbat-condamnat-la-7-ani-pentru-tentativa-de-incendiere-a-unei-sinagogi","status":"publish","type":"post","link":"https:\/\/www.newsrecorder.ro\/app\/2026\/04\/29\/barbat-condamnat-la-7-ani-pentru-tentativa-de-incendiere-a-unei-sinagogi\/","title":{"rendered":"B\u0103rbat condamnat la 7 ani pentru tentativ\u0103 de incendiere a unei sinagogi!"},"content":{"rendered":"<p>Un adolescent de 20 de ani a fost condamnat recent pentru tentativa de incendiere a unei sinagogi din Brno, un incident care a avut loc \u00een ianuarie 2024. Acesta face parte dintr-un grup de doi tineri sub 18 ani care au \u00eencercat s\u0103 comit\u0103 acest act de violen\u021b\u0103 folosind un dispozitiv improvizat, conform informa\u021biilor furnizate de agen\u021bia de \u0219tiri AP.<\/p>\n<p>\u00cen plus, inculpatul a fost implicat \u00eentr-o tentativ\u0103 de omor asupra unei persoane, care, din fericire, a supravie\u021buit atacului. Pe l\u00e2ng\u0103 pedeapsa pentru incendiul sinagogii, t\u00e2n\u0103rul a primit o sentin\u021b\u0103 suplimentar\u0103 de doi ani de \u00eenchisoare pentru promovarea terorismului, fapt\u0103 comis\u0103 dup\u0103 ce a \u00eemplinit 18 ani.<\/p>\n<p>Complicele s\u0103u, care nu a atins v\u00e2rsta de r\u0103spundere penal\u0103, nu a putut fi judecat \u00een instan\u021b\u0103; procesul s-a desf\u0103\u0219urat cu u\u0219ile \u00eenchise. Cei doi f\u0103ceau parte dintr-un grup mai mare, format din cinci adolescen\u021bi, care au fost aresta\u021bi anul trecut. Autorit\u0103\u021bile cehe au stabilit c\u0103 ace\u0219tia au fost radicaliza\u021bi online de organiza\u021bia militant\u0103 Statul Islamic.<\/p>\n<p>Potrivit oficialilor, grupul promova, prin intermediul re\u021belelor sociale, mesaje care incitau la ur\u0103 \u00eempotriva minorit\u0103\u021bilor, \u00een special \u00eempotriva comunit\u0103\u021bii LGBTQ+ \u0219i a evreilor. \u00cen urma unor raiduri desf\u0103\u0219urate at\u00e2t \u00een Cehia, c\u00e2t \u0219i \u00een Austria, poli\u021bia a confiscat un arsenal de arme, inclusiv cu\u021bite, macete, topoare \u0219i pistoale cu gaz.<\/p>\n<p>De asemenea, adolescen\u021bii erau implica\u021bi \u00een grupuri online care recrutau lupt\u0103tori pentru militan\u021bii Statului Islamic din Siria, av\u00e2nd o fascina\u021bie periculoas\u0103 pentru violen\u021b\u0103 \u0219i ur\u0103, \u021bintind \u00een special evreii, persoanele LGBTQ+ \u0219i alte grupuri vulnerabile. Ancheta a fost o colaborare complex\u0103 \u00eentre autorit\u0103\u021bile cehe \u0219i cele din Austria, Marea Britanie \u0219i Slovacia, precum \u0219i agen\u021bia de aplicare a legii a Uniunii Europene, Europol.<\/p>\n","protected":false},"excerpt":{"rendered":"<p>Un adolescent de 20 de ani a fost condamnat recent pentru tentativa de incendiere a unei sinagogi din Brno, un incident care a avut loc \u00een ianuarie 2024. Acesta face parte dintr-un grup de doi tineri sub 18 ani care au \u00eencercat s\u0103 comit\u0103 acest act de violen\u021b\u0103 folosind un dispozitiv improvizat, conform informa\u021biilor furnizate [&hellip;]<\/p>\n","protected":false},"author":2,"featured_media":16550,"comment_status":"open","ping_status":"open","sticky":false,"template":"","format":"standard","meta":{"jnews-multi-image_gallery":[],"jnews_single_post":[],"jnews_primary_category":[],"jnews_override_counter":[],"footnotes":""},"categories":[41],"tags":[832,557,18835,7817,8602,11033,2829,2093],"class_list":["post-16549","post","type-post","status-publish","format-standard","has-post-thumbnail","hentry","category-externe","tag-adolescenti","tag-arestare","tag-brno","tag-incendiere","tag-judecata","tag-sinagoga","tag-terorism","tag-violenta"],"_links":{"self":[{"href":"https:\/\/www.newsrecorder.ro\/app\/wp-json\/wp\/v2\/posts\/16549","targetHints":{"allow":["GET"]}}],"collection":[{"href":"https:\/\/www.newsrecorder.ro\/app\/wp-json\/wp\/v2\/posts"}],"about":[{"href":"https:\/\/www.newsrecorder.ro\/app\/wp-json\/wp\/v2\/types\/post"}],"author":[{"embeddable":true,"href":"https:\/\/www.newsrecorder.ro\/app\/wp-json\/wp\/v2\/users\/2"}],"replies":[{"embeddable":true,"href":"https:\/\/www.newsrecorder.ro\/app\/wp-json\/wp\/v2\/comments?post=16549"}],"version-history":[{"count":0,"href":"https:\/\/www.newsrecorder.ro\/app\/wp-json\/wp\/v2\/posts\/16549\/revisions"}],"wp:featuredmedia":[{"embeddable":true,"href":"https:\/\/www.newsrecorder.ro\/app\/wp-json\/wp\/v2\/media\/16550"}],"wp:attachment":[{"href":"https:\/\/www.newsrecorder.ro\/app\/wp-json\/wp\/v2\/media?parent=16549"}],"wp:term":[{"taxonomy":"category","embeddable":true,"href":"https:\/\/www.newsrecorder.ro\/app\/wp-json\/wp\/v2\/categories?post=16549"},{"taxonomy":"post_tag","embeddable":true,"href":"https:\/\/www.newsrecorder.ro\/app\/wp-json\/wp\/v2\/tags?post=16549"}],"curies":[{"name":"wp","href":"https:\/\/api.w.org\/{rel}","templated":true}]}}