{"id":1655,"date":"2026-02-04T11:45:57","date_gmt":"2026-02-04T11:45:57","guid":{"rendered":"https:\/\/www.newsrecorder.ro\/app\/2026\/02\/04\/livrator-nigerian-atacat-si-jefuit-de-trei-tineri-in-bucuresti\/"},"modified":"2026-02-04T11:45:57","modified_gmt":"2026-02-04T11:45:57","slug":"livrator-nigerian-atacat-si-jefuit-de-trei-tineri-in-bucuresti","status":"publish","type":"post","link":"https:\/\/www.newsrecorder.ro\/app\/2026\/02\/04\/livrator-nigerian-atacat-si-jefuit-de-trei-tineri-in-bucuresti\/","title":{"rendered":"Livrator nigerian, atacat \u0219i jefuit de trei tineri \u00een Bucure\u0219ti!"},"content":{"rendered":"<p>Poli\u021bia din Bucure\u0219ti a fost alertat\u0103 de un b\u0103rbat, cet\u0103\u021bean str\u0103in, care lucreaz\u0103 ca livrator pentru o platform\u0103 de livr\u0103ri. Acesta a relatat c\u0103 trei indivizi cu fe\u021bele acoperite l-au amenin\u021bat cu cu\u021bite \u0219i i-au furat comanda de m\u00e2ncare.<\/p>\n<p>Incidentul a avut loc \u00eentr-o zon\u0103 din Sectorul 6 al Capitalei, iar prejudiciul estimat \u00een urma acestui act de violen\u021b\u0103 se ridic\u0103 la aproximativ 200 de lei.<\/p>\n<p>Rapid, autorit\u0103\u021bile au reu\u0219it s\u0103 \u00eei captureze pe tinerii implica\u021bi, care au v\u00e2rste de 16, 19 \u0219i 20 de ani. Ace\u0219tia au fost condu\u0219i la sediul poli\u021biei pentru audieri, iar cu\u021bitele folosite \u00een atac au fost confiscate pentru a fi analizate \u00een cadrul cercet\u0103rilor ulterioare.<\/p>\n<p>Cei trei suspec\u021bi au fost re\u021binu\u021bi \u0219i sunt acum cerceta\u021bi \u00eentr-un dosar penal pentru s\u0103v\u00e2r\u0219irea infrac\u021biunii de t\u00e2lh\u0103rie calificat\u0103.<\/p>\n","protected":false},"excerpt":{"rendered":"<p>Poli\u021bia din Bucure\u0219ti a fost alertat\u0103 de un b\u0103rbat, cet\u0103\u021bean str\u0103in, care lucreaz\u0103 ca livrator pentru o platform\u0103 de livr\u0103ri. Acesta a relatat c\u0103 trei indivizi cu fe\u021bele acoperite l-au amenin\u021bat cu cu\u021bite \u0219i i-au furat comanda de m\u00e2ncare. Incidentul a avut loc \u00eentr-o zon\u0103 din Sectorul 6 al Capitalei, iar prejudiciul estimat \u00een urma [&hellip;]<\/p>\n","protected":false},"author":2,"featured_media":1656,"comment_status":"open","ping_status":"open","sticky":false,"template":"","format":"standard","meta":{"jnews-multi-image_gallery":[],"jnews_single_post":[],"jnews_primary_category":[],"jnews_override_counter":[],"footnotes":""},"categories":[39],"tags":[2136,362,2963,2961,2959,2706,2962,2960],"class_list":["post-1655","post","type-post","status-publish","format-standard","has-post-thumbnail","hentry","category-stirile-zilei","tag-autoritati","tag-bucuresti","tag-cercetari","tag-cutite","tag-livrator","tag-politia","tag-sector-6","tag-talharie"],"_links":{"self":[{"href":"https:\/\/www.newsrecorder.ro\/app\/wp-json\/wp\/v2\/posts\/1655","targetHints":{"allow":["GET"]}}],"collection":[{"href":"https:\/\/www.newsrecorder.ro\/app\/wp-json\/wp\/v2\/posts"}],"about":[{"href":"https:\/\/www.newsrecorder.ro\/app\/wp-json\/wp\/v2\/types\/post"}],"author":[{"embeddable":true,"href":"https:\/\/www.newsrecorder.ro\/app\/wp-json\/wp\/v2\/users\/2"}],"replies":[{"embeddable":true,"href":"https:\/\/www.newsrecorder.ro\/app\/wp-json\/wp\/v2\/comments?post=1655"}],"version-history":[{"count":0,"href":"https:\/\/www.newsrecorder.ro\/app\/wp-json\/wp\/v2\/posts\/1655\/revisions"}],"wp:featuredmedia":[{"embeddable":true,"href":"https:\/\/www.newsrecorder.ro\/app\/wp-json\/wp\/v2\/media\/1656"}],"wp:attachment":[{"href":"https:\/\/www.newsrecorder.ro\/app\/wp-json\/wp\/v2\/media?parent=1655"}],"wp:term":[{"taxonomy":"category","embeddable":true,"href":"https:\/\/www.newsrecorder.ro\/app\/wp-json\/wp\/v2\/categories?post=1655"},{"taxonomy":"post_tag","embeddable":true,"href":"https:\/\/www.newsrecorder.ro\/app\/wp-json\/wp\/v2\/tags?post=1655"}],"curies":[{"name":"wp","href":"https:\/\/api.w.org\/{rel}","templated":true}]}}