{"id":16553,"date":"2026-04-29T02:43:19","date_gmt":"2026-04-29T02:43:19","guid":{"rendered":"https:\/\/www.newsrecorder.ro\/app\/2026\/04\/29\/peter-magyar-se-pregateste-pentru-o-intalnire-cruciala-cu-presedintele-ucrainei\/"},"modified":"2026-04-29T02:43:19","modified_gmt":"2026-04-29T02:43:19","slug":"peter-magyar-se-pregateste-pentru-o-intalnire-cruciala-cu-presedintele-ucrainei","status":"publish","type":"post","link":"https:\/\/www.newsrecorder.ro\/app\/2026\/04\/29\/peter-magyar-se-pregateste-pentru-o-intalnire-cruciala-cu-presedintele-ucrainei\/","title":{"rendered":"P\u00e9ter Magyar se preg\u0103te\u0219te pentru o \u00eent\u00e2lnire crucial\u0103 cu pre\u0219edintele Ucrainei!"},"content":{"rendered":"<p>Noul prim-ministru al Ungariei, P\u00e9ter Magyar, a declarat mar\u021bi c\u0103 \u00ee\u0219i propune s\u0103 organizeze o \u00eent\u00e2lnire cu pre\u0219edintele ucrainean Volodimir Zelenski, av\u00e2nd ca scop \u201edeschiderea unui nou capitol \u00een rela\u021biile bilaterale\u201d. Aceast\u0103 \u00eent\u00e2lnire este menit\u0103 s\u0103 abordeze o disput\u0103 de lung\u0103 durat\u0103 referitoare la drepturile etnicilor maghiari din Ucraina, conform <a href=\"https:\/\/www.euronews.com\/my-europe\/2026\/04\/28\/hungarys-incoming-pm-peter-magyar-offers-to-meet-ukraines-president-in-june\" target=\"_blank\" rel=\"noopener\">Euronews<\/a>.<\/p>\n<p>Rela\u021biile dintre Ungaria \u0219i Ucraina au ajuns la un nivel critic \u00eenainte de alegerile din Ungaria din 12 aprilie, care au dus la \u00eenfr\u00e2ngerea premierului na\u021bionalist Viktor Orb\u00e1n, \u00een urma a 16 ani de conducere.<\/p>\n<p>Orb\u00e1n a utilizat \u00een mod repetat dreptul de veto al Ungariei pentru a bloca asisten\u021ba financiar\u0103 destinat\u0103 Ucrainei, precum \u0219i aderarea acesteia la Uniunea European\u0103.<\/p>\n<p>\u00cen acest context, Magyar a subliniat importan\u021ba \u00eent\u00e2lnirii cu Zelenski, afirm\u00e2nd: \u201eIni\u021biez o \u00eent\u00e2lnire cu pre\u0219edintele ucrainean Volodimir Zelenski la \u00eenceputul lunii iunie, simbolic la Berehove, un ora\u0219 cu o majoritate maghiar\u0103\u201d.<\/p>\n<p>El a ad\u0103ugat c\u0103 scopul principal al acestei \u00eent\u00e2lniri este de a contribui la \u00eembun\u0103t\u0103\u021birea situa\u021biei maghiarilor din Transcarpatia \u0219i de a le permite acestora s\u0103 r\u0103m\u00e2n\u0103 \u00een patria lor, av\u00e2nd \u00een vedere c\u0103 regiunea g\u0103zduie\u0219te o comunitate etnic\u0103 maghiar\u0103 semnificativ\u0103.<\/p>\n","protected":false},"excerpt":{"rendered":"<p>Noul prim-ministru al Ungariei, P\u00e9ter Magyar, a declarat mar\u021bi c\u0103 \u00ee\u0219i propune s\u0103 organizeze o \u00eent\u00e2lnire cu pre\u0219edintele ucrainean Volodimir Zelenski, av\u00e2nd ca scop \u201edeschiderea unui nou capitol \u00een rela\u021biile bilaterale\u201d. Aceast\u0103 \u00eent\u00e2lnire este menit\u0103 s\u0103 abordeze o disput\u0103 de lung\u0103 durat\u0103 referitoare la drepturile etnicilor maghiari din Ucraina, conform Euronews. Rela\u021biile dintre Ungaria \u0219i [&hellip;]<\/p>\n","protected":false},"author":2,"featured_media":16554,"comment_status":"open","ping_status":"open","sticky":false,"template":"","format":"standard","meta":{"jnews-multi-image_gallery":[],"jnews_single_post":[],"jnews_primary_category":[],"jnews_override_counter":[],"footnotes":""},"categories":[41],"tags":[1042,18842,4748,1324,682,1924,2103,1087],"class_list":["post-16553","post","type-post","status-publish","format-standard","has-post-thumbnail","hentry","category-externe","tag-alegeri","tag-drepturi-etnice","tag-peter-magyar","tag-relatii-bilaterale","tag-ucraina","tag-ungaria","tag-viktor-orban","tag-volodimir-zelenski"],"_links":{"self":[{"href":"https:\/\/www.newsrecorder.ro\/app\/wp-json\/wp\/v2\/posts\/16553","targetHints":{"allow":["GET"]}}],"collection":[{"href":"https:\/\/www.newsrecorder.ro\/app\/wp-json\/wp\/v2\/posts"}],"about":[{"href":"https:\/\/www.newsrecorder.ro\/app\/wp-json\/wp\/v2\/types\/post"}],"author":[{"embeddable":true,"href":"https:\/\/www.newsrecorder.ro\/app\/wp-json\/wp\/v2\/users\/2"}],"replies":[{"embeddable":true,"href":"https:\/\/www.newsrecorder.ro\/app\/wp-json\/wp\/v2\/comments?post=16553"}],"version-history":[{"count":0,"href":"https:\/\/www.newsrecorder.ro\/app\/wp-json\/wp\/v2\/posts\/16553\/revisions"}],"wp:featuredmedia":[{"embeddable":true,"href":"https:\/\/www.newsrecorder.ro\/app\/wp-json\/wp\/v2\/media\/16554"}],"wp:attachment":[{"href":"https:\/\/www.newsrecorder.ro\/app\/wp-json\/wp\/v2\/media?parent=16553"}],"wp:term":[{"taxonomy":"category","embeddable":true,"href":"https:\/\/www.newsrecorder.ro\/app\/wp-json\/wp\/v2\/categories?post=16553"},{"taxonomy":"post_tag","embeddable":true,"href":"https:\/\/www.newsrecorder.ro\/app\/wp-json\/wp\/v2\/tags?post=16553"}],"curies":[{"name":"wp","href":"https:\/\/api.w.org\/{rel}","templated":true}]}}