{"id":16557,"date":"2026-04-29T02:43:48","date_gmt":"2026-04-29T02:43:48","guid":{"rendered":"https:\/\/www.newsrecorder.ro\/app\/2026\/04\/29\/james-comey-fost-director-fbi-acuzat-din-nou-de-departamentul-de-justitie\/"},"modified":"2026-04-29T02:43:48","modified_gmt":"2026-04-29T02:43:48","slug":"james-comey-fost-director-fbi-acuzat-din-nou-de-departamentul-de-justitie","status":"publish","type":"post","link":"https:\/\/www.newsrecorder.ro\/app\/2026\/04\/29\/james-comey-fost-director-fbi-acuzat-din-nou-de-departamentul-de-justitie\/","title":{"rendered":"James Comey, fost director FBI, acuzat din nou de Departamentul de Justi\u021bie!"},"content":{"rendered":"<p>Acuza\u021biile aduse fostului director al FBI, James Comey, nu au fost clarificate imediat, conform unui raport publicat de <a href=\"https:\/\/edition.cnn.com\/2026\/04\/28\/politics\/justice-department-indicts-ex-fbi-director-james-comey-again?cid=ios_app\" target=\"_blank\" rel=\"noopener\">CNN<\/a>.<\/p>\n<p>Pre\u0219edintele Donald Trump a solicitat \u00een mod repetat ca adversarii s\u0103i politici s\u0103 fie tra\u0219i la r\u0103spundere, inclusiv Comey, pe care \u00eel consider\u0103 un actor esen\u021bial \u00een ceea ce el nume\u0219te un efort de \u201e\u00eenar\u0103mare\u201d a sistemului judiciar \u00eempotriva sa.<\/p>\n<p>\u00cen septembrie anul trecut, Departamentul de Justi\u021bie a formulat pentru prima dat\u0103 acuza\u021bii \u00eempotriva lui Comey, acuz\u00e2ndu-l c\u0103 a min\u021bit \u00een fa\u021ba Congresului cu privire la scurgerile de informa\u021bii c\u0103tre mass-media. Totu\u0219i, cazul a fost clasat la finalul anului trecut de un judec\u0103tor federal care a decis c\u0103 procurorul interimar al SUA pentru Districtul Estic al Virginiei a fost numit \u00een mod necorespunz\u0103tor, f\u0103r\u0103 aprobarea Senatului.<\/p>\n<p>Avoca\u021bii lui Comey au preferat s\u0103 nu comenteze situa\u021bia actual\u0103.<\/p>\n<p>Se pare c\u0103 eforturile de a-l acuza pe Comey au fost revigorate de procurorul general interimar, Todd Blanche, care a accelerat procesul de intentare a cazurilor pentru care pre\u0219edintele a militat public \u00eenc\u0103 de la preluarea func\u021biei.<\/p>\n<p>Comey a c\u0103zut \u00een dizgra\u021bie \u00een fa\u021ba lui Trump \u00eenainte ca acesta s\u0103 ajung\u0103 la pre\u0219edin\u021bie, \u00een contextul \u00een care agen\u021bia condus\u0103 de Comey investiga campania lui Trump \u0219i posibilele leg\u0103turi cu Rusia. Comey a fost concediat \u00een lunile care au urmat inaugur\u0103rii.<\/p>\n<p>De la demiterea sa, Comey a devenit un critic aspru al lui Trump, devenind un inamic de frunte al republicanilor at\u00e2t la Casa Alb\u0103, c\u00e2t \u0219i \u00een Capitoliu.<\/p>\n","protected":false},"excerpt":{"rendered":"<p>Acuza\u021biile aduse fostului director al FBI, James Comey, nu au fost clarificate imediat, conform unui raport publicat de CNN. Pre\u0219edintele Donald Trump a solicitat \u00een mod repetat ca adversarii s\u0103i politici s\u0103 fie tra\u0219i la r\u0103spundere, inclusiv Comey, pe care \u00eel consider\u0103 un actor esen\u021bial \u00een ceea ce el nume\u0219te un efort de \u201e\u00eenar\u0103mare\u201d a [&hellip;]<\/p>\n","protected":false},"author":2,"featured_media":16558,"comment_status":"open","ping_status":"open","sticky":false,"template":"","format":"standard","meta":{"jnews-multi-image_gallery":[],"jnews_single_post":[],"jnews_primary_category":[],"jnews_override_counter":[],"footnotes":""},"categories":[41],"tags":[643,1091,8099,31,18848,9360,11799,3176],"class_list":["post-16557","post","type-post","status-publish","format-standard","has-post-thumbnail","hentry","category-externe","tag-acuzatii","tag-congres","tag-departamentul-de-justitie","tag-jnews_demo_donald-trump","tag-james-comey","tag-procuror-general","tag-scurgeri-de-informatii","tag-sistem-judiciar"],"_links":{"self":[{"href":"https:\/\/www.newsrecorder.ro\/app\/wp-json\/wp\/v2\/posts\/16557","targetHints":{"allow":["GET"]}}],"collection":[{"href":"https:\/\/www.newsrecorder.ro\/app\/wp-json\/wp\/v2\/posts"}],"about":[{"href":"https:\/\/www.newsrecorder.ro\/app\/wp-json\/wp\/v2\/types\/post"}],"author":[{"embeddable":true,"href":"https:\/\/www.newsrecorder.ro\/app\/wp-json\/wp\/v2\/users\/2"}],"replies":[{"embeddable":true,"href":"https:\/\/www.newsrecorder.ro\/app\/wp-json\/wp\/v2\/comments?post=16557"}],"version-history":[{"count":0,"href":"https:\/\/www.newsrecorder.ro\/app\/wp-json\/wp\/v2\/posts\/16557\/revisions"}],"wp:featuredmedia":[{"embeddable":true,"href":"https:\/\/www.newsrecorder.ro\/app\/wp-json\/wp\/v2\/media\/16558"}],"wp:attachment":[{"href":"https:\/\/www.newsrecorder.ro\/app\/wp-json\/wp\/v2\/media?parent=16557"}],"wp:term":[{"taxonomy":"category","embeddable":true,"href":"https:\/\/www.newsrecorder.ro\/app\/wp-json\/wp\/v2\/categories?post=16557"},{"taxonomy":"post_tag","embeddable":true,"href":"https:\/\/www.newsrecorder.ro\/app\/wp-json\/wp\/v2\/tags?post=16557"}],"curies":[{"name":"wp","href":"https:\/\/api.w.org\/{rel}","templated":true}]}}