{"id":16559,"date":"2026-04-29T03:06:23","date_gmt":"2026-04-29T03:06:23","guid":{"rendered":"https:\/\/www.newsrecorder.ro\/app\/2026\/04\/29\/csm-bucuresti-isi-intareste-echipa-cu-suedeza-matilda-forsberg\/"},"modified":"2026-04-29T03:06:23","modified_gmt":"2026-04-29T03:06:23","slug":"csm-bucuresti-isi-intareste-echipa-cu-suedeza-matilda-forsberg","status":"publish","type":"post","link":"https:\/\/www.newsrecorder.ro\/app\/2026\/04\/29\/csm-bucuresti-isi-intareste-echipa-cu-suedeza-matilda-forsberg\/","title":{"rendered":"CSM Bucure\u0219ti \u00ee\u0219i \u00eent\u0103re\u0219te echipa cu suedeza Matilda Forsberg!"},"content":{"rendered":"<p>Matilda Forsberg, o juc\u0103toare talentat\u0103 pe postul de extrem\u0103 dreapta, s-a al\u0103turat echipei CSM Bucure\u0219ti prin semnarea unui contract pe o perioad\u0103 de doi ani. N\u0103scut\u0103 pe 26 februarie 1998, Forsberg aduce cu ea o experien\u021b\u0103 valoroas\u0103 \u0219i un stil de joc dinamic.<\/p>\n<p>Clubul bucure\u0219tean a subliniat calit\u0103\u021bile remarcabile ale Matildei, men\u021bion\u00e2nd: \u201eMatilda este o extrem\u0103 dreapta renumit\u0103 pentru rapiditate \u0219i eficien\u021ba din atac. Este o handbalist\u0103 care exceleaz\u0103 pe contraatac \u0219i se dovede\u0219te a fi extrem de eficient\u0103 \u00een finaliz\u0103rile din unghiuri dificile.\u201d<\/p>\n<p>Cu entuziasm, Forsberg a declarat la semnarea contractului: \u201eSunt foarte fericit\u0103 c\u0103 \u00eemi continui c\u0103l\u0103toria \u00een handbal \u00een Rom\u00e2nia. Sunt impresionat\u0103 de d\u0103ruirea, energia \u0219i pasiunea pe care rom\u00e2nii o manifest\u0103 pentru handbal, un sport pe care \u00eel iubesc. C\u00e2nd am fost contactat\u0103 de Bojana \u0219i echipa de la CSM, m-am sim\u021bit onorat\u0103 \u0219i privilegiat\u0103, av\u00e2nd \u00een vedere istoria \u0219i victoriile clubului de-a lungul anilor. Am crescut cu mentalitatea suedez\u0103 de a &#8216;face tot ce am mai bun \u00een toate situa\u021biile&#8217; \u0219i sunt ner\u0103bd\u0103toare s\u0103 contribui la atmosfera c\u00e2\u0219tig\u0103toare a echipei.\u201d<\/p>\n<p>\u00cen actuala edi\u021bie a EHF Champions League, Forsberg a demonstrat o form\u0103 remarcabil\u0103, av\u00e2nd un procentaj de 76% \u00een ceea ce prive\u0219te finaliz\u0103rile, cu 22 de goluri din 29 de arunc\u0103ri \u00een cele opt partide disputate al\u0103turi de Gloria Bistri\u021ba.<\/p>\n<p>De asemenea, juc\u0103toarea suedez\u0103 a evoluat anterior la nivel \u00eenalt pentru echipa S\u00e4vehof \u0219i se va reuni la CSM Bucure\u0219ti cu alte dou\u0103 juc\u0103toare de la na\u021bionala Suediei, Tyra Axn\u00e9r \u0219i Jenny Carlson.<\/p>\n<p>Transferul Matildei a fost salutat oficial de club, printr-un mesaj din partea team-managerului Aurelia Br\u0103deanu, care a declarat: \u201eSuntem \u00eenc\u00e2nta\u021bi de venirea Matildei \u00een echipa noastr\u0103 \u0219i avem \u00eencredere c\u0103 poten\u021bialul \u0219i calit\u0103\u021bile sale vor contribui semnificativ la atingerea obiectivelor echipei. \u00cei ur\u0103m un c\u0103lduros bun venit \u0219i mult succes \u00een tricoul CSM Bucure\u0219ti!\u201d<\/p>\n","protected":false},"excerpt":{"rendered":"<p>Matilda Forsberg, o juc\u0103toare talentat\u0103 pe postul de extrem\u0103 dreapta, s-a al\u0103turat echipei CSM Bucure\u0219ti prin semnarea unui contract pe o perioad\u0103 de doi ani. N\u0103scut\u0103 pe 26 februarie 1998, Forsberg aduce cu ea o experien\u021b\u0103 valoroas\u0103 \u0219i un stil de joc dinamic. Clubul bucure\u0219tean a subliniat calit\u0103\u021bile remarcabile ale Matildei, men\u021bion\u00e2nd: \u201eMatilda este o [&hellip;]<\/p>\n","protected":false},"author":6,"featured_media":16560,"comment_status":"open","ping_status":"open","sticky":false,"template":"","format":"standard","meta":{"jnews-multi-image_gallery":[],"jnews_single_post":[],"jnews_primary_category":[],"jnews_override_counter":[],"footnotes":""},"categories":[46],"tags":[914,1162,3391,1530,6581,91,18849,850],"class_list":["post-16559","post","type-post","status-publish","format-standard","has-post-thumbnail","hentry","category-sport","tag-atac","tag-contract","tag-csm-bucuresti","tag-eficienta","tag-extrema-dreapta","tag-handbal","tag-matilda-forsberg","tag-sport"],"_links":{"self":[{"href":"https:\/\/www.newsrecorder.ro\/app\/wp-json\/wp\/v2\/posts\/16559","targetHints":{"allow":["GET"]}}],"collection":[{"href":"https:\/\/www.newsrecorder.ro\/app\/wp-json\/wp\/v2\/posts"}],"about":[{"href":"https:\/\/www.newsrecorder.ro\/app\/wp-json\/wp\/v2\/types\/post"}],"author":[{"embeddable":true,"href":"https:\/\/www.newsrecorder.ro\/app\/wp-json\/wp\/v2\/users\/6"}],"replies":[{"embeddable":true,"href":"https:\/\/www.newsrecorder.ro\/app\/wp-json\/wp\/v2\/comments?post=16559"}],"version-history":[{"count":0,"href":"https:\/\/www.newsrecorder.ro\/app\/wp-json\/wp\/v2\/posts\/16559\/revisions"}],"wp:featuredmedia":[{"embeddable":true,"href":"https:\/\/www.newsrecorder.ro\/app\/wp-json\/wp\/v2\/media\/16560"}],"wp:attachment":[{"href":"https:\/\/www.newsrecorder.ro\/app\/wp-json\/wp\/v2\/media?parent=16559"}],"wp:term":[{"taxonomy":"category","embeddable":true,"href":"https:\/\/www.newsrecorder.ro\/app\/wp-json\/wp\/v2\/categories?post=16559"},{"taxonomy":"post_tag","embeddable":true,"href":"https:\/\/www.newsrecorder.ro\/app\/wp-json\/wp\/v2\/tags?post=16559"}],"curies":[{"name":"wp","href":"https:\/\/api.w.org\/{rel}","templated":true}]}}