{"id":16569,"date":"2026-04-29T08:13:03","date_gmt":"2026-04-29T08:13:03","guid":{"rendered":"https:\/\/www.newsrecorder.ro\/app\/2026\/04\/29\/nicusor-dan-fara-curajul-veteranilor-romania-moderna-nu-ar-fi-existat\/"},"modified":"2026-04-29T08:13:03","modified_gmt":"2026-04-29T08:13:03","slug":"nicusor-dan-fara-curajul-veteranilor-romania-moderna-nu-ar-fi-existat","status":"publish","type":"post","link":"https:\/\/www.newsrecorder.ro\/app\/2026\/04\/29\/nicusor-dan-fara-curajul-veteranilor-romania-moderna-nu-ar-fi-existat\/","title":{"rendered":"Nicu\u0219or Dan: \u201eF\u0103r\u0103 curajul veteranilor, Rom\u00e2nia modern\u0103 nu ar fi existat!\u201d"},"content":{"rendered":"<p>\u00centr-un mesaj emo\u021bionant cu ocazia Zilei Veteranilor de R\u0103zboi, pre\u0219edintele Rom\u00e2niei, Nicu\u0219or Dan, a adus un omagiu celor care au ales s\u0103 plaseze binele na\u021biunii deasupra propriului interes, subliniind sacrificiul \u0219i dedicarea acestora.<\/p>\n<p>\u201eG\u00e2ndurile noastre de respect \u0219i recuno\u0219tin\u021b\u0103 se \u00eendreapt\u0103 ast\u0103zi c\u0103tre veteranii de r\u0103zboi ai Rom\u00e2niei, simboluri ale sacrificiului \u0219i devotamentului pentru realizarea idealurilor na\u021bionale\u201d, se arat\u0103 \u00een mesajul s\u0103u.<\/p>\n<p>Nicu\u0219or Dan a eviden\u021biat influen\u021ba considerabil\u0103 pe care veteranii de r\u0103zboi au avut-o asupra parcursului Rom\u00e2niei \u00een cadrul structurilor europene \u0219i euroatlantice. El a afirmat: \u201eDezvoltarea Rom\u00e2niei moderne \u00een familia european\u0103 \u0219i euroatlantic\u0103, asigurarea unei societ\u0103\u021bi libere, democratice, cu un stat de drept func\u021bional nu ar fi fost posibile f\u0103r\u0103 curajul \u0219i t\u0103ria de caracter ale celor care au pus interesul na\u021biunii noastre mai presus de propria via\u021b\u0103.\u201d<\/p>\n<p>Pre\u0219edintele a subliniat \u0219i importan\u021ba valorii morale a veteranilor, care servesc ca exemplu pentru societatea contemporan\u0103. \u201eFor\u021ba moral\u0103 a veteranilor no\u0219tri de r\u0103zboi reprezint\u0103 un reper care ne aminte\u0219te c\u0103 ceea ce ne une\u0219te, ca popor, conteaz\u0103 mai mult dec\u00e2t orice criz\u0103 trec\u0103toare. Ne putem inspira din exemplul lor pentru a g\u0103si energia \u0219i \u00eencrederea de a construi viitorul prosper al \u021b\u0103rii noastre\u201d, a declarat el.<\/p>\n<p>\u00cen contextul interna\u021bional complicat, Nicu\u0219or Dan a subliniat necesitatea solidarit\u0103\u021bii \u00een fa\u021ba crizelor actuale. \u201eNe confrunt\u0103m cu dificult\u0103\u021bi multiple, de la efectele r\u0103zboiului de agresiune al Federa\u021biei Ruse \u00eempotriva Ucrainei la provoc\u0103rile generate de criza din Orientul Mijlociu, pe care le vom dep\u0103\u0219i al\u0103turi de partenerii no\u0219tri din Uniunea European\u0103 \u0219i de alia\u021bii din NATO\u201d, a explicat pre\u0219edintele.<\/p>\n<p>\u00cen plus, el a insistat asupra importan\u021bei unit\u0103\u021bii \u0219i coeziunii sociale pentru viitorul Rom\u00e2niei. \u201eSolidaritatea \u0219i coeziunea r\u0103m\u00e2n fundamentul pentru dezvoltarea economic\u0103 sustenabil\u0103 a \u021b\u0103rii, pentru consolidarea statului de drept \u0219i pentru educarea tinerilor \u00een spiritul respectului fa\u021b\u0103 de tradi\u021biile \u0219i principiile care ne apropie\u201d, a ad\u0103ugat Nicu\u0219or Dan.<\/p>\n<p>\u00cen concluzie, pre\u0219edintele a \u00eencurajat cet\u0103\u021benii s\u0103 fie mai uni\u021bi \u0219i mai determina\u021bi \u00een promovarea valorilor na\u021bionale, subliniind c\u0103 veteranii de r\u0103zboi reprezint\u0103 un exemplu de patriotism \u0219i loialitate. \u201eLa mul\u021bi ani, dragi veterani de r\u0103zboi! La mul\u021bi ani, Rom\u00e2nia!\u201d, a \u00eencheiat mesajul s\u0103u.<\/p>\n","protected":false},"excerpt":{"rendered":"<p>\u00centr-un mesaj emo\u021bionant cu ocazia Zilei Veteranilor de R\u0103zboi, pre\u0219edintele Rom\u00e2niei, Nicu\u0219or Dan, a adus un omagiu celor care au ales s\u0103 plaseze binele na\u021biunii deasupra propriului interes, subliniind sacrificiul \u0219i dedicarea acestora. \u201eG\u00e2ndurile noastre de respect \u0219i recuno\u0219tin\u021b\u0103 se \u00eendreapt\u0103 ast\u0103zi c\u0103tre veteranii de r\u0103zboi ai Rom\u00e2niei, simboluri ale sacrificiului \u0219i devotamentului pentru realizarea [&hellip;]<\/p>\n","protected":false},"author":2,"featured_media":16570,"comment_status":"open","ping_status":"open","sticky":false,"template":"","format":"standard","meta":{"jnews-multi-image_gallery":[],"jnews_single_post":[],"jnews_primary_category":[],"jnews_override_counter":[],"footnotes":""},"categories":[42],"tags":[11662,18862,286,2076,149,15412,18863,18861],"class_list":["post-16569","post","type-post","status-publish","format-standard","has-post-thumbnail","hentry","category-politica","tag-dedicare","tag-idealuri-nationale","tag-nicusor-dan","tag-omagiu","tag-romania","tag-sacrificiu","tag-structuri-europene","tag-veterani-de-razboi"],"_links":{"self":[{"href":"https:\/\/www.newsrecorder.ro\/app\/wp-json\/wp\/v2\/posts\/16569","targetHints":{"allow":["GET"]}}],"collection":[{"href":"https:\/\/www.newsrecorder.ro\/app\/wp-json\/wp\/v2\/posts"}],"about":[{"href":"https:\/\/www.newsrecorder.ro\/app\/wp-json\/wp\/v2\/types\/post"}],"author":[{"embeddable":true,"href":"https:\/\/www.newsrecorder.ro\/app\/wp-json\/wp\/v2\/users\/2"}],"replies":[{"embeddable":true,"href":"https:\/\/www.newsrecorder.ro\/app\/wp-json\/wp\/v2\/comments?post=16569"}],"version-history":[{"count":0,"href":"https:\/\/www.newsrecorder.ro\/app\/wp-json\/wp\/v2\/posts\/16569\/revisions"}],"wp:featuredmedia":[{"embeddable":true,"href":"https:\/\/www.newsrecorder.ro\/app\/wp-json\/wp\/v2\/media\/16570"}],"wp:attachment":[{"href":"https:\/\/www.newsrecorder.ro\/app\/wp-json\/wp\/v2\/media?parent=16569"}],"wp:term":[{"taxonomy":"category","embeddable":true,"href":"https:\/\/www.newsrecorder.ro\/app\/wp-json\/wp\/v2\/categories?post=16569"},{"taxonomy":"post_tag","embeddable":true,"href":"https:\/\/www.newsrecorder.ro\/app\/wp-json\/wp\/v2\/tags?post=16569"}],"curies":[{"name":"wp","href":"https:\/\/api.w.org\/{rel}","templated":true}]}}