{"id":16571,"date":"2026-04-29T08:13:17","date_gmt":"2026-04-29T08:13:17","guid":{"rendered":"https:\/\/www.newsrecorder.ro\/app\/2026\/04\/29\/nicusor-dan-criticat-pentru-lipsa-de-fermitate-in-criza-politica\/"},"modified":"2026-04-29T08:13:17","modified_gmt":"2026-04-29T08:13:17","slug":"nicusor-dan-criticat-pentru-lipsa-de-fermitate-in-criza-politica","status":"publish","type":"post","link":"https:\/\/www.newsrecorder.ro\/app\/2026\/04\/29\/nicusor-dan-criticat-pentru-lipsa-de-fermitate-in-criza-politica\/","title":{"rendered":"Nicu\u0219or Dan, criticat pentru lipsa de fermitate \u00een criza politic\u0103!"},"content":{"rendered":"<p>Virgil Guran, liderul PNL D\u00e2mbovi\u021ba, a discutat miercuri, \u00een cadrul unui interviu pentru RFI, despre situa\u021bia politic\u0103 actual\u0103 din Rom\u00e2nia, marcat\u0103 de retragerea sprijinului politic pentru premierul Ilie Bolojan din partea PSD \u0219i de depunerea unei mo\u021biuni de cenzur\u0103, \u00een colaborare cu AUR, \u00eempotriva Guvernului.<\/p>\n<p>Liberalul a subliniat c\u0103 Nicu\u0219or Dan, pre\u0219edintele Bucure\u0219tiului, ar fi trebuit s\u0103 emit\u0103 un mesaj mai clar \u0219i mai ferm pentru a evita agravarea crizei politice. Guran a opinat c\u0103, dac\u0103 pre\u0219edintele ar fi utilizat toate instrumentele disponibile \u00een func\u021bia sa, \u201epoate c\u0103 nu am fi ajuns \u00een aceast\u0103 situa\u021bie\u201d.<\/p>\n<p>\u201eEra necesar s\u0103 fie mai ferm, s\u0103 intervin\u0103, deoarece ar fi putut evita aceast\u0103 situa\u021bie, dac\u0103 \u0219i-ar fi folosit toate p\u00e2rghiile de pre\u0219edinte. S\u0103 sper\u0103m c\u0103 \u00een prezent va adopta o atitudine normal\u0103, de pre\u0219edinte care \u00ee\u0219i dore\u0219te stabilitate\u201d, a declarat Virgil Guran la RFI.<\/p>\n<p>C\u00e2nd a fost \u00eentrebat despre posibilele ac\u021biuni ale lui Nicu\u0219or Dan \u00een contextul acestei crize politice, av\u00e2nd \u00een vedere limitele mandatului preziden\u021bial, liderul PNL D\u00e2mbovi\u021ba a explicat c\u0103 \u201eLegea \u00eei permite s\u0103 discute \u0219i s\u0103 aplaneze astfel de conflicte. C\u00e2nd e\u0219ti ferm din pozi\u021bia de pre\u0219edinte, partidele \u00een\u021beleg. Iohannis \u0219i B\u0103sescu au procedat astfel \u0219i, de multe ori, partidele s-au lini\u0219tit. Se pare c\u0103 acest lucru nu s-a \u00eent\u00e2mplat \u00een cazul de fa\u021b\u0103\u201d.<\/p>\n<p>Mar\u021bi, la c\u00e2teva ore dup\u0103 depunerea mo\u021biunii de cenzur\u0103 de c\u0103tre PSD \u0219i AUR, pre\u0219edintele Nicu\u0219or Dan a afirmat <a style=\"color: #0000ff\" href=\"https:\/\/www.mediafax.ro\/politic\/prima-reactie-a-lui-nicusor-dan-dupa-depunerea-motiunii-de-cenzura-ne-asteptam-un-guvern-psd-aur-este-extrem-de-improbabil-23728099\">c\u0103 se a\u0219tepta ca mo\u021biunea s\u0103 fie depus\u0103 \u00een Parlament<\/a> \u0219i a caracterizat o posibil\u0103 colaborare \u00eentre AUR \u0219i PSD drept \u201eimprobabil\u0103\u201d.<\/p>\n<p><a style=\"color: #0000ff\" href=\"https:\/\/www.mediafax.ro\/politic\/motiunea-de-cenzura-impotriva-guvernului-bolojan-citita-astazi-in-parlament-votul-decisiv-programat-pe-5-mai-23728266\">Mo\u021biunea de cenzur\u0103<\/a> va fi prezentat\u0103 miercuri \u00een plenul reunit al Parlamentului, iar votul decisiv este programat pentru 5 mai.<\/p>\n","protected":false},"excerpt":{"rendered":"<p>Virgil Guran, liderul PNL D\u00e2mbovi\u021ba, a discutat miercuri, \u00een cadrul unui interviu pentru RFI, despre situa\u021bia politic\u0103 actual\u0103 din Rom\u00e2nia, marcat\u0103 de retragerea sprijinului politic pentru premierul Ilie Bolojan din partea PSD \u0219i de depunerea unei mo\u021biuni de cenzur\u0103, \u00een colaborare cu AUR, \u00eempotriva Guvernului. Liberalul a subliniat c\u0103 Nicu\u0219or Dan, pre\u0219edintele Bucure\u0219tiului, ar fi [&hellip;]<\/p>\n","protected":false},"author":2,"featured_media":16572,"comment_status":"open","ping_status":"open","sticky":false,"template":"","format":"standard","meta":{"jnews-multi-image_gallery":[],"jnews_single_post":[],"jnews_primary_category":[],"jnews_override_counter":[],"footnotes":""},"categories":[42],"tags":[4576,302,12212,286,18865,4107,1005,18864],"class_list":["post-16571","post","type-post","status-publish","format-standard","has-post-thumbnail","hentry","category-politica","tag-criza-politica","tag-ilie-bolojan","tag-motiune-de-cenzura","tag-nicusor-dan","tag-pnl-dambovita","tag-politica-romaneasca","tag-stabilitate","tag-virgil-guran"],"_links":{"self":[{"href":"https:\/\/www.newsrecorder.ro\/app\/wp-json\/wp\/v2\/posts\/16571","targetHints":{"allow":["GET"]}}],"collection":[{"href":"https:\/\/www.newsrecorder.ro\/app\/wp-json\/wp\/v2\/posts"}],"about":[{"href":"https:\/\/www.newsrecorder.ro\/app\/wp-json\/wp\/v2\/types\/post"}],"author":[{"embeddable":true,"href":"https:\/\/www.newsrecorder.ro\/app\/wp-json\/wp\/v2\/users\/2"}],"replies":[{"embeddable":true,"href":"https:\/\/www.newsrecorder.ro\/app\/wp-json\/wp\/v2\/comments?post=16571"}],"version-history":[{"count":0,"href":"https:\/\/www.newsrecorder.ro\/app\/wp-json\/wp\/v2\/posts\/16571\/revisions"}],"wp:featuredmedia":[{"embeddable":true,"href":"https:\/\/www.newsrecorder.ro\/app\/wp-json\/wp\/v2\/media\/16572"}],"wp:attachment":[{"href":"https:\/\/www.newsrecorder.ro\/app\/wp-json\/wp\/v2\/media?parent=16571"}],"wp:term":[{"taxonomy":"category","embeddable":true,"href":"https:\/\/www.newsrecorder.ro\/app\/wp-json\/wp\/v2\/categories?post=16571"},{"taxonomy":"post_tag","embeddable":true,"href":"https:\/\/www.newsrecorder.ro\/app\/wp-json\/wp\/v2\/tags?post=16571"}],"curies":[{"name":"wp","href":"https:\/\/api.w.org\/{rel}","templated":true}]}}