{"id":16573,"date":"2026-04-29T08:13:28","date_gmt":"2026-04-29T08:13:28","guid":{"rendered":"https:\/\/www.newsrecorder.ro\/app\/2026\/04\/29\/psd-isi-retrage-toti-reprezentantii-din-guvern-si-teritoriu\/"},"modified":"2026-04-29T08:13:28","modified_gmt":"2026-04-29T08:13:28","slug":"psd-isi-retrage-toti-reprezentantii-din-guvern-si-teritoriu","status":"publish","type":"post","link":"https:\/\/www.newsrecorder.ro\/app\/2026\/04\/29\/psd-isi-retrage-toti-reprezentantii-din-guvern-si-teritoriu\/","title":{"rendered":"PSD \u00ee\u0219i retrage to\u021bi reprezentan\u021bii din Guvern \u0219i teritoriu!"},"content":{"rendered":"<p>Partidul Social Democrat (PSD) a anun\u021bat c\u0103 to\u021bi reprezentan\u021bii s\u0103i, care de\u021bineau func\u021bii de secretar de stat, subsecretar de stat, prefect sau subprefect, au demisionat. Aceasta decizie a fost luat\u0103 ca urmare a hot\u0103r\u00e2rii partidului de a ini\u021bia o mo\u021biune de cenzur\u0103 pentru demiterea prim-ministrului Ilie Bolojan.<\/p>\n<p>Comunicatul oficial a fost emis miercuri diminea\u021ba, subliniind importan\u021ba acestui act. PSD a declarat c\u0103 demisiile reprezint\u0103 un gest de demnitate \u0219i sunt \u00een concordan\u021b\u0103 cu ac\u021biunile partidului \u00een cadrul Parlamentului. \u00cen opinia PSD, schimbarea modului de guvernare \u0219i oprirea declinului economiei na\u021bionale sunt priorit\u0103\u021bi mult mai relevante dec\u00e2t men\u021binerea unor func\u021bii \u00eentr-un guvern considerat nefunc\u021bional.<\/p>\n<p>\u00cen plus, pre\u0219edintele PSD, Sorin Grindeanu, a solicitat luni tuturor reprezentan\u021bilor social-democra\u021bi s\u0103 renun\u021be la func\u021biile guvernamentale. Aceast\u0103 cerere a venit \u00een contextul mo\u021biunii de cenzur\u0103 depus\u0103 de PSD \u00een colaborare cu AUR \u00eempotriva Guvernului Bolojan.<\/p>\n","protected":false},"excerpt":{"rendered":"<p>Partidul Social Democrat (PSD) a anun\u021bat c\u0103 to\u021bi reprezentan\u021bii s\u0103i, care de\u021bineau func\u021bii de secretar de stat, subsecretar de stat, prefect sau subprefect, au demisionat. Aceasta decizie a fost luat\u0103 ca urmare a hot\u0103r\u00e2rii partidului de a ini\u021bia o mo\u021biune de cenzur\u0103 pentru demiterea prim-ministrului Ilie Bolojan. Comunicatul oficial a fost emis miercuri diminea\u021ba, subliniind [&hellip;]<\/p>\n","protected":false},"author":2,"featured_media":16574,"comment_status":"open","ping_status":"open","sticky":false,"template":"","format":"standard","meta":{"jnews-multi-image_gallery":[],"jnews_single_post":[],"jnews_primary_category":[],"jnews_override_counter":[],"footnotes":""},"categories":[42],"tags":[4798,4134,526,302,12212,443,300,637],"class_list":["post-16573","post","type-post","status-publish","format-standard","has-post-thumbnail","hentry","category-politica","tag-declin-economic","tag-demisii","tag-guvernare","tag-ilie-bolojan","tag-motiune-de-cenzura","tag-prim-ministru","tag-psd","tag-sorin-grindeanu"],"_links":{"self":[{"href":"https:\/\/www.newsrecorder.ro\/app\/wp-json\/wp\/v2\/posts\/16573","targetHints":{"allow":["GET"]}}],"collection":[{"href":"https:\/\/www.newsrecorder.ro\/app\/wp-json\/wp\/v2\/posts"}],"about":[{"href":"https:\/\/www.newsrecorder.ro\/app\/wp-json\/wp\/v2\/types\/post"}],"author":[{"embeddable":true,"href":"https:\/\/www.newsrecorder.ro\/app\/wp-json\/wp\/v2\/users\/2"}],"replies":[{"embeddable":true,"href":"https:\/\/www.newsrecorder.ro\/app\/wp-json\/wp\/v2\/comments?post=16573"}],"version-history":[{"count":0,"href":"https:\/\/www.newsrecorder.ro\/app\/wp-json\/wp\/v2\/posts\/16573\/revisions"}],"wp:featuredmedia":[{"embeddable":true,"href":"https:\/\/www.newsrecorder.ro\/app\/wp-json\/wp\/v2\/media\/16574"}],"wp:attachment":[{"href":"https:\/\/www.newsrecorder.ro\/app\/wp-json\/wp\/v2\/media?parent=16573"}],"wp:term":[{"taxonomy":"category","embeddable":true,"href":"https:\/\/www.newsrecorder.ro\/app\/wp-json\/wp\/v2\/categories?post=16573"},{"taxonomy":"post_tag","embeddable":true,"href":"https:\/\/www.newsrecorder.ro\/app\/wp-json\/wp\/v2\/tags?post=16573"}],"curies":[{"name":"wp","href":"https:\/\/api.w.org\/{rel}","templated":true}]}}