{"id":16577,"date":"2026-04-29T08:14:00","date_gmt":"2026-04-29T08:14:00","guid":{"rendered":"https:\/\/www.newsrecorder.ro\/app\/2026\/04\/29\/parlamentul-dezbate-motiunea-de-cenzura-impotriva-guvernului-bolojan\/"},"modified":"2026-04-29T08:14:00","modified_gmt":"2026-04-29T08:14:00","slug":"parlamentul-dezbate-motiunea-de-cenzura-impotriva-guvernului-bolojan","status":"publish","type":"post","link":"https:\/\/www.newsrecorder.ro\/app\/2026\/04\/29\/parlamentul-dezbate-motiunea-de-cenzura-impotriva-guvernului-bolojan\/","title":{"rendered":"Parlamentul dezbate mo\u021biunea de cenzur\u0103 \u00eempotriva Guvernului Bolojan!"},"content":{"rendered":"<p>\u00cen aceast\u0103 zi, mo\u021biunea de cenzur\u0103 \u00eendreptat\u0103 \u00eempotriva Guvernului condus de Ilie Bolojan va fi prezentat\u0103 \u00een plenul reunit al Parlamentului. Documentul, ini\u021biat de parlamentarii din PSD, AUR \u0219i PACE \u2013 \u00cent\u00e2i Rom\u00e2nia, este intitulat \u201eSTOP \u00abPlanului Bolojan\u00bb de distrugere a economiei, de s\u0103r\u0103cire a popula\u0163iei \u015fi de v\u00e2nzare frauduloas\u0103 a averii statului\u201d.<\/p>\n<p>Birourile permanente reunite au stabilit calendarul dezbaterii, astfel c\u0103 mo\u021biunea va fi citit\u0103 ast\u0103zi, miercuri, de la <strong>ora 12:30<\/strong>. Dezbaterea \u0219i votul final sunt programate pentru data de 5 mai, la <strong>ora 11:00<\/strong>, iar votul va fi secret, realizat cu bile. Documentul a fost semnat de un num\u0103r impresionant de <strong>253 de parlamentari<\/strong>.<\/p>\n<p>\u00cen textul mo\u021biunii, semnatarii cer demiterea Guvernului \u0219i aduc numeroase acuza\u021bii la adresa premierului Bolojan. Ace\u0219tia afirm\u0103 c\u0103 prim-ministrul a ajuns \u201e\u00eentr-un punct \u00een care confund\u0103 deliberat reforma cu v\u00e2nzarea \u015fi strategia cu improviza\u0163ia\u201d.<\/p>\n<p>Critica este accentuat\u0103 prin declara\u021bia: \u201eRom\u00e2nia nu este o marf\u0103, iar companiile statului nu sunt active de lichidat pentru a acoperi e\u015fecuri politice. Premierul Ilie Bolojan a ajuns \u00eentr-un punct \u00een care confund\u0103 deliberat reforma cu v\u00e2nzarea \u015fi strategia cu improviza\u0163ia\u201d.<\/p>\n<p>Semnatarii acuz\u0103 Guvernul c\u0103 preg\u0103te\u0219te \u201ecea mai ampl\u0103 \u00eenstr\u0103inare de active strategice din ultimele dou\u0103 decenii\u201d, f\u0103r\u0103 a consulta opinia public\u0103 \u0219i f\u0103r\u0103 a asigura transparen\u021b\u0103. De asemenea, ace\u0219tia contest\u0103 ideea c\u0103 popula\u021bia ar beneficia de pe urma acestor m\u0103suri, declar\u00e2nd: \u201eSe vorbe\u015fte despre faptul c\u0103 rom\u00e2nii ar fi preg\u0103ti\u0163i s\u0103 investeasc\u0103 masiv \u00een aceste list\u0103ri. O minciun\u0103 sfruntat\u0103!\u201d.<\/p>\n<p>Mo\u021biunea include \u0219i critici referitoare la modalitatea \u00een care ar urma s\u0103 se desf\u0103\u0219oare tranzac\u021biile. \u201eDe fapt, se preg\u0103te\u015fte o opera\u0163iune care nu are nimic \u00een comun cu interesul public, o ac\u0163iune opac\u0103, \u00een avantajul unor cercuri restr\u00e2nse, orchestrat\u0103 tocmai de c\u0103tre cei care tr\u00e2mbi\u0163eaz\u0103 transparen\u0163a: pachete din companii strategice ale statului sunt scoase din circuitul transparent al pie\u0163ei \u015fi direc\u0163ionate, ocolind Bursa de Valori, prin mecanismul de plasare accelerat\u0103, c\u0103tre investitori selecta\u0163i, \u00een condi\u0163ii stabilite discre\u0163ionar, la pre\u0163uri mai mici dec\u00e2t cele reale\u201d.<\/p>\n<p>Parlamentarii afirm\u0103, de asemenea, c\u0103 nivelul de trai al popula\u021biei a sc\u0103zut dramatic, \u00een timp ce Guvernul \u00ee\u0219i prezint\u0103 politicile ca fiind un succes. Mo\u021biunea men\u021bioneaz\u0103 \u0219i o declara\u021bie controversat\u0103 a premierului Ilie Bolojan, \u00een care acesta a comparat anumite categorii de persoane cu \u201e\u015fobolanii\u201d care rod din c\u0103mara statului.<\/p>\n<p>Ini\u021biatorii mo\u021biunii sus\u021bin c\u0103, \u00een loc s\u0103 \u00ee\u0219i asume responsabilitatea pentru aceste afirma\u021bii \u0219i pentru ceea ce consider\u0103 a fi \u201eo monstruozitate de sorginte nazist\u0103\u201d, premierul a insistat c\u0103 a fost doar o metafor\u0103. \u201eC\u00e2nd ocupa\u0163i o func\u0163ie at\u00e2t de \u00eenalt\u0103, domnule prim-ministru Bolojan, ar fi trebuit s\u0103 cunoa\u015fte\u0163i originea nazist\u0103 a unor astfel de asocieri. Ar fi trebuit s\u0103 \u015fti\u0163i c\u0103 s\u0103pt\u0103m\u00e2nalul german Der Sturmer, ce a func\u0163ionat din 1923 p\u00e2n\u0103 \u00een 1945, uzita adesea de a\u015fa-zisa metafor\u0103 a domniei voastre pentru a-i desemna pe cei indezirabili\u201d, au declarat ace\u0219tia.<\/p>\n<p>\u201eProbabil c\u0103 ave\u0163i o cultur\u0103 istoric\u0103 la fel de rudimentar\u0103 ca \u015fi cea economic\u0103! Sau nu v\u0103 pas\u0103 de nimeni \u015fi de nimic, a\u015fa cum a\u0163i dovedit \u00een cele 10 luni nefaste \u00een care a\u0163i condus Guvernul Rom\u00e2niei!\u201d, mai afirm\u0103 semnatarii mo\u021biunii.<\/p>\n<p>\u201ePentru toate aceste motive, Grupurile parlamentare ale Partidului Social Democrat, Alian\u0163a pentru Unirea Rom\u00e2nilor \u015fi PACE \u2013 \u00cent\u00e2i Rom\u00e2nia depun prezenta mo\u0163iune de cenzur\u0103 \u015fi solicit\u0103 demiterea Guvernului condus de Ilie Bolojan\u201d, se concluzioneaz\u0103 \u00een document.<\/p>\n","protected":false},"excerpt":{"rendered":"<p>\u00cen aceast\u0103 zi, mo\u021biunea de cenzur\u0103 \u00eendreptat\u0103 \u00eempotriva Guvernului condus de Ilie Bolojan va fi prezentat\u0103 \u00een plenul reunit al Parlamentului. Documentul, ini\u021biat de parlamentarii din PSD, AUR \u0219i PACE \u2013 \u00cent\u00e2i Rom\u00e2nia, este intitulat \u201eSTOP \u00abPlanului Bolojan\u00bb de distrugere a economiei, de s\u0103r\u0103cire a popula\u0163iei \u015fi de v\u00e2nzare frauduloas\u0103 a averii statului\u201d. Birourile permanente [&hellip;]<\/p>\n","protected":false},"author":2,"featured_media":16578,"comment_status":"open","ping_status":"open","sticky":false,"template":"","format":"standard","meta":{"jnews-multi-image_gallery":[],"jnews_single_post":[],"jnews_primary_category":[],"jnews_override_counter":[],"footnotes":""},"categories":[42],"tags":[1916,4240,780,12312,12212,807,444,300],"class_list":["post-16577","post","type-post","status-publish","format-standard","has-post-thumbnail","hentry","category-politica","tag-aur","tag-demitere","tag-economie","tag-guvern-ilie-bolojan","tag-motiune-de-cenzura","tag-pace","tag-parlament","tag-psd"],"_links":{"self":[{"href":"https:\/\/www.newsrecorder.ro\/app\/wp-json\/wp\/v2\/posts\/16577","targetHints":{"allow":["GET"]}}],"collection":[{"href":"https:\/\/www.newsrecorder.ro\/app\/wp-json\/wp\/v2\/posts"}],"about":[{"href":"https:\/\/www.newsrecorder.ro\/app\/wp-json\/wp\/v2\/types\/post"}],"author":[{"embeddable":true,"href":"https:\/\/www.newsrecorder.ro\/app\/wp-json\/wp\/v2\/users\/2"}],"replies":[{"embeddable":true,"href":"https:\/\/www.newsrecorder.ro\/app\/wp-json\/wp\/v2\/comments?post=16577"}],"version-history":[{"count":0,"href":"https:\/\/www.newsrecorder.ro\/app\/wp-json\/wp\/v2\/posts\/16577\/revisions"}],"wp:featuredmedia":[{"embeddable":true,"href":"https:\/\/www.newsrecorder.ro\/app\/wp-json\/wp\/v2\/media\/16578"}],"wp:attachment":[{"href":"https:\/\/www.newsrecorder.ro\/app\/wp-json\/wp\/v2\/media?parent=16577"}],"wp:term":[{"taxonomy":"category","embeddable":true,"href":"https:\/\/www.newsrecorder.ro\/app\/wp-json\/wp\/v2\/categories?post=16577"},{"taxonomy":"post_tag","embeddable":true,"href":"https:\/\/www.newsrecorder.ro\/app\/wp-json\/wp\/v2\/tags?post=16577"}],"curies":[{"name":"wp","href":"https:\/\/api.w.org\/{rel}","templated":true}]}}