{"id":16581,"date":"2026-04-29T08:14:28","date_gmt":"2026-04-29T08:14:28","guid":{"rendered":"https:\/\/www.newsrecorder.ro\/app\/2026\/04\/29\/ccr-investigheaza-contestatiile-aur-despre-numirile-din-srtv-si-srr\/"},"modified":"2026-04-29T08:14:28","modified_gmt":"2026-04-29T08:14:28","slug":"ccr-investigheaza-contestatiile-aur-despre-numirile-din-srtv-si-srr","status":"publish","type":"post","link":"https:\/\/www.newsrecorder.ro\/app\/2026\/04\/29\/ccr-investigheaza-contestatiile-aur-despre-numirile-din-srtv-si-srr\/","title":{"rendered":"CCR investigheaz\u0103 contesta\u021biile AUR despre numirile din SRTV \u0219i SRR"},"content":{"rendered":"<p>\u00cen cadrul unei sesiuni programate pentru miercuri, Curtea Constitu\u021bional\u0103 a Rom\u00e2niei va analiza sesiz\u0103rile depuse de Alian\u021ba pentru Unirea Rom\u00e2nilor (AUR) \u00een leg\u0103tur\u0103 cu hot\u0103r\u00e2rea Parlamentului de a numi membri \u00een Consiliile de Administra\u021bie ale Societ\u0103\u021bii Rom\u00e2ne de Televiziune (SRTV) \u0219i Societ\u0103\u021bii Rom\u00e2ne de Radiodifuziune (SRR).<\/p>\n<p>AUR sus\u021bine c\u0103 procesul de desemnare a fost viciat de neconsiderarea ponderii parlamentare a partidelor. \u00cen sesizarea \u00eenaintat\u0103 Cur\u021bii Constitu\u021bionale, AUR aduce \u00een discu\u021bie nereguli semnificative \u00een modul \u00een care au fost efectuate aceste numiri.<\/p>\n<p>\u201eSesizarea noastr\u0103 vizeaz\u0103 \u00eenc\u0103lcarea flagrant\u0103 a prevederilor Constitu\u021biei Rom\u00e2niei, \u00een special ale articolului 1, alineatul (3) \u0219i (5), precum \u0219i nerespectarea dispozi\u021biilor imperative ale Legii 41\/1994, care stipuleaz\u0103 c\u0103 desemnarea membrilor Consiliilor de Administra\u021bie ale SRTV \u0219i SRR trebuie s\u0103 se fac\u0103 cu respectarea configura\u021biei politice \u0219i a ponderii grupurilor parlamentare. \u00cen cadrul acestei proceduri, au fost formulate propuneri pentru dou\u0103 func\u021bii de membri titulari \u0219i dou\u0103 func\u021bii de membri suplean\u021bi, conform ponderii parlamentare. Totu\u0219i, comisiile parlamentare de specialitate au ignorat o parte dintre aceste propuneri, iar plenul reunit al Parlamentului a validat componen\u021be ale Consiliilor de Administra\u021bie care nu reflect\u0103 realitatea politic\u0103 din legislativ\u201d, se arat\u0103 \u00eentr-un comunicat oficial al AUR.<\/p>\n<p>Conform partidului, reprezentarea \u00een aceste structuri este departe de a fi echilibrat\u0103. \u201eDe\u0219i configura\u021bia Parlamentului impune o reprezentare echitabil\u0103, AUR a ob\u021binut doar un singur loc \u00een Consiliile de Administra\u021bie ale SRTV \u0219i SRR, \u00een timp ce partide precum PNL, USR \u0219i UDMR, care au o pondere parlamentar\u0103 mai mic\u0103, au fost recompensate cu o reprezentare egal\u0103 sau chiar superioar\u0103 \u00een aceste structuri de conducere\u201d, adaug\u0103 AUR.<\/p>\n<p>AUR consider\u0103 c\u0103 aceast\u0103 situa\u021bie contravine at\u00e2t legisla\u021biei, c\u00e2t \u0219i deciziilor anterioare ale Cur\u021bii Constitu\u021bionale. \u201eAceast\u0103 situa\u021bie contravine at\u00e2t dispozi\u021biilor legale, c\u00e2t \u0219i jurispruden\u021bei constante a Cur\u021bii Constitu\u021bionale\u201d, afirm\u0103 forma\u021biunea.<\/p>\n<p>\u00cen sesizare, AUR face referire la precedente similare. \u201eParlamentul a ignorat precedente clare stabilite de Curtea Constitu\u021bional\u0103, \u00een special Decizia referitoare la Hot\u0103r\u00e2rea Parlamentului 28\/2012, prin care CCR a sanc\u021bionat o situa\u021bie similar\u0103 de \u00eenc\u0103lcare a principiului reprezentativit\u0103\u021bii politice \u00een Consiliile de Administra\u021bie ale serviciilor publice de radio \u0219i televiziune\u201d, se arat\u0103 \u00een documentul depus.<\/p>\n<p>AUR conchide prin a solicita Cur\u021bii Constitu\u021bionale admiterea sesiz\u0103rii \u0219i declararea neconstitu\u021bionalit\u0103\u021bii Hot\u0103r\u00e2rii Parlamentului Rom\u00e2niei 45\/2025. \u201ePrin adoptarea acestei hot\u0103r\u00e2ri, Parlamentul a \u00eenc\u0103lcat obliga\u021bia constitu\u021bional\u0103 de a respecta legea \u0219i deciziile anterioare ale Cur\u021bii Constitu\u021bionale, afect\u00e2nd astfel principiul statului de drept \u0219i legalitatea func\u021bion\u0103rii unor institu\u021bii publice fundamentale. Cerem restabilirea legalit\u0103\u021bii, respectarea configura\u021biei politice a Parlamentului \u0219i func\u021bionarea corect\u0103 a serviciilor publice de radio \u0219i televiziune\u201d, mai solicit\u0103 AUR.<\/p>\n","protected":false},"excerpt":{"rendered":"<p>\u00cen cadrul unei sesiuni programate pentru miercuri, Curtea Constitu\u021bional\u0103 a Rom\u00e2niei va analiza sesiz\u0103rile depuse de Alian\u021ba pentru Unirea Rom\u00e2nilor (AUR) \u00een leg\u0103tur\u0103 cu hot\u0103r\u00e2rea Parlamentului de a numi membri \u00een Consiliile de Administra\u021bie ale Societ\u0103\u021bii Rom\u00e2ne de Televiziune (SRTV) \u0219i Societ\u0103\u021bii Rom\u00e2ne de Radiodifuziune (SRR). AUR sus\u021bine c\u0103 procesul de desemnare a fost viciat [&hellip;]<\/p>\n","protected":false},"author":2,"featured_media":16582,"comment_status":"open","ping_status":"open","sticky":false,"template":"","format":"standard","meta":{"jnews-multi-image_gallery":[],"jnews_single_post":[],"jnews_primary_category":[],"jnews_override_counter":[],"footnotes":""},"categories":[42],"tags":[17282,18875,2246,18876,9957,5787,18874,10418],"class_list":["post-16581","post","type-post","status-publish","format-standard","has-post-thumbnail","hentry","category-politica","tag-alianta-pentru-unirea-romanilor","tag-constitutia-romaniei","tag-curtea-constitutionala","tag-desemnare","tag-nereguli","tag-sesizari","tag-srr","tag-srtv"],"_links":{"self":[{"href":"https:\/\/www.newsrecorder.ro\/app\/wp-json\/wp\/v2\/posts\/16581","targetHints":{"allow":["GET"]}}],"collection":[{"href":"https:\/\/www.newsrecorder.ro\/app\/wp-json\/wp\/v2\/posts"}],"about":[{"href":"https:\/\/www.newsrecorder.ro\/app\/wp-json\/wp\/v2\/types\/post"}],"author":[{"embeddable":true,"href":"https:\/\/www.newsrecorder.ro\/app\/wp-json\/wp\/v2\/users\/2"}],"replies":[{"embeddable":true,"href":"https:\/\/www.newsrecorder.ro\/app\/wp-json\/wp\/v2\/comments?post=16581"}],"version-history":[{"count":0,"href":"https:\/\/www.newsrecorder.ro\/app\/wp-json\/wp\/v2\/posts\/16581\/revisions"}],"wp:featuredmedia":[{"embeddable":true,"href":"https:\/\/www.newsrecorder.ro\/app\/wp-json\/wp\/v2\/media\/16582"}],"wp:attachment":[{"href":"https:\/\/www.newsrecorder.ro\/app\/wp-json\/wp\/v2\/media?parent=16581"}],"wp:term":[{"taxonomy":"category","embeddable":true,"href":"https:\/\/www.newsrecorder.ro\/app\/wp-json\/wp\/v2\/categories?post=16581"},{"taxonomy":"post_tag","embeddable":true,"href":"https:\/\/www.newsrecorder.ro\/app\/wp-json\/wp\/v2\/tags?post=16581"}],"curies":[{"name":"wp","href":"https:\/\/api.w.org\/{rel}","templated":true}]}}