{"id":16585,"date":"2026-04-29T08:14:55","date_gmt":"2026-04-29T08:14:55","guid":{"rendered":"https:\/\/www.newsrecorder.ro\/app\/2026\/04\/29\/un-actor-renumit-publica-un-roman-despre-copiii-ucraineni-rapiti\/"},"modified":"2026-04-29T08:14:55","modified_gmt":"2026-04-29T08:14:55","slug":"un-actor-renumit-publica-un-roman-despre-copiii-ucraineni-rapiti","status":"publish","type":"post","link":"https:\/\/www.newsrecorder.ro\/app\/2026\/04\/29\/un-actor-renumit-publica-un-roman-despre-copiii-ucraineni-rapiti\/","title":{"rendered":"Un actor renumit public\u0103 un roman despre copiii ucraineni r\u0103pi\u021bi"},"content":{"rendered":"<p>Jean Reno, renumitul actor francez, a f\u0103cut recent un pas inedit \u00een cariera sa, lans\u00e2nd un roman ce abordeaz\u0103 o tem\u0103 deosebit de sensibil\u0103: copiii ucraineni r\u0103pi\u021bi \u00een contextul r\u0103zboiului din Ucraina, conform celor de la Live Ukraine.<\/p>\n<p>Romanul, intitulat \u201eEvadarea\u201d, reprezint\u0103 un thriller de spionaj captivant. \u00cen centrul ac\u021biunii se afl\u0103 un agent al serviciului de informa\u021bii externe din Fran\u021ba, care porne\u0219te \u00eentr-o misiune crucial\u0103 pentru a g\u0103si copiii ucraineni r\u0103pi\u021bi \u0219i pentru a documenta crimele de r\u0103zboi comise de armata rus\u0103.<\/p>\n<p>Decizia lui Reno de a scrie aceast\u0103 carte a venit dup\u0103 ce a aflat despre situa\u021bia alarmant\u0103 \u00een care se afl\u0103 peste <a href=\"https:\/\/www.mediafax.ro\/externe\/zeci-de-mii-de-ursuleti-de-plus-amplasati-in-washington-dc-trag-un-semnal-de-alarma-in-privinta-copiilor-ucraineni-rapiti-in-timpul-razboiului-23725737\">19.000 de copii ucraineni<\/a> care au fost r\u0103pi\u021bi de for\u021bele ruse din zonele temporar ocupate.<\/p>\n<p>\u201eAm fost extrem de \u0219ocat. Mi s-a p\u0103rut o nebunie c\u0103 ace\u0219ti copii sunt du\u0219i pentru a fi sp\u0103la\u021bi pe creier. Nu sunt implicat \u00een politic\u0103 \u2013 am vrut s\u0103 transform asta \u00eentr-un roman\u201d, a declarat actorul, subliniind impactul emo\u021bional pe care l-a avut asupra sa aceast\u0103 situa\u021bie tragic\u0103.<\/p>\n<p>Estim\u0103rile privind num\u0103rul copiilor r\u0103pi\u021bi au fost furnizate de autorit\u0103\u021bile ucrainene \u0219i confirmate de ONU, ceea ce face ca mesajul c\u0103r\u021bii s\u0103 fie \u0219i mai urgent \u0219i relevant \u00een contextul actual.<\/p>\n","protected":false},"excerpt":{"rendered":"<p>Jean Reno, renumitul actor francez, a f\u0103cut recent un pas inedit \u00een cariera sa, lans\u00e2nd un roman ce abordeaz\u0103 o tem\u0103 deosebit de sensibil\u0103: copiii ucraineni r\u0103pi\u021bi \u00een contextul r\u0103zboiului din Ucraina, conform celor de la Live Ukraine. Romanul, intitulat \u201eEvadarea\u201d, reprezint\u0103 un thriller de spionaj captivant. \u00cen centrul ac\u021biunii se afl\u0103 un agent al [&hellip;]<\/p>\n","protected":false},"author":2,"featured_media":16586,"comment_status":"open","ping_status":"open","sticky":false,"template":"","format":"standard","meta":{"jnews-multi-image_gallery":[],"jnews_single_post":[],"jnews_primary_category":[],"jnews_override_counter":[],"footnotes":""},"categories":[42],"tags":[18074,5132,18880,11156,1989,2329,9299,18879],"class_list":["post-16585","post","type-post","status-publish","format-standard","has-post-thumbnail","hentry","category-politica","tag-copii-ucraineni","tag-crime-de-razboi","tag-forte-ruse","tag-jean-reno","tag-razboi-ucraina","tag-roman","tag-spionaj","tag-thriller"],"_links":{"self":[{"href":"https:\/\/www.newsrecorder.ro\/app\/wp-json\/wp\/v2\/posts\/16585","targetHints":{"allow":["GET"]}}],"collection":[{"href":"https:\/\/www.newsrecorder.ro\/app\/wp-json\/wp\/v2\/posts"}],"about":[{"href":"https:\/\/www.newsrecorder.ro\/app\/wp-json\/wp\/v2\/types\/post"}],"author":[{"embeddable":true,"href":"https:\/\/www.newsrecorder.ro\/app\/wp-json\/wp\/v2\/users\/2"}],"replies":[{"embeddable":true,"href":"https:\/\/www.newsrecorder.ro\/app\/wp-json\/wp\/v2\/comments?post=16585"}],"version-history":[{"count":0,"href":"https:\/\/www.newsrecorder.ro\/app\/wp-json\/wp\/v2\/posts\/16585\/revisions"}],"wp:featuredmedia":[{"embeddable":true,"href":"https:\/\/www.newsrecorder.ro\/app\/wp-json\/wp\/v2\/media\/16586"}],"wp:attachment":[{"href":"https:\/\/www.newsrecorder.ro\/app\/wp-json\/wp\/v2\/media?parent=16585"}],"wp:term":[{"taxonomy":"category","embeddable":true,"href":"https:\/\/www.newsrecorder.ro\/app\/wp-json\/wp\/v2\/categories?post=16585"},{"taxonomy":"post_tag","embeddable":true,"href":"https:\/\/www.newsrecorder.ro\/app\/wp-json\/wp\/v2\/tags?post=16585"}],"curies":[{"name":"wp","href":"https:\/\/api.w.org\/{rel}","templated":true}]}}