{"id":16587,"date":"2026-04-29T08:15:06","date_gmt":"2026-04-29T08:15:06","guid":{"rendered":"https:\/\/www.newsrecorder.ro\/app\/2026\/04\/29\/nicusor-dan-prezent-astazi-la-forumul-de-afaceri-al-celor-trei-mari\/"},"modified":"2026-04-29T08:15:06","modified_gmt":"2026-04-29T08:15:06","slug":"nicusor-dan-prezent-astazi-la-forumul-de-afaceri-al-celor-trei-mari","status":"publish","type":"post","link":"https:\/\/www.newsrecorder.ro\/app\/2026\/04\/29\/nicusor-dan-prezent-astazi-la-forumul-de-afaceri-al-celor-trei-mari\/","title":{"rendered":"Nicu\u0219or Dan, prezent ast\u0103zi la Forumul de Afaceri al celor Trei M\u0103ri!"},"content":{"rendered":"<p>Pre\u0219edintele Rom\u00e2niei, Nicu\u0219or Dan, va participa miercuri, \u00eencep\u00e2nd cu ora 10:00 (ora Rom\u00e2niei), la o sesiune special\u0103 a Forumului de Afaceri din cadrul Ini\u021biativei celor Trei M\u0103ri. Evenimentul se desf\u0103\u0219oar\u0103 \u00een Dubrovnik, unde are loc \u0219i summitul regional.<\/p>\n<p>Conform informa\u021biilor furnizate de Administra\u021bia Preziden\u021bial\u0103, \u0219eful statului va lua parte la Panelul Liderilor, al\u0103turi de reprezentan\u021bi din mediul de afaceri \u0219i financiar din Europa, dar \u0219i din Statele Unite, Japonia, Coreea de Sud \u0219i Canada.<\/p>\n<p>Printre participan\u021bii la forum se num\u0103r\u0103 \u0219i institu\u021bii financiare interna\u021bionale de prestigiu, cum ar fi Banca European\u0103 pentru Reconstruc\u021bie \u0219i Dezvoltare, Banca Interamerican\u0103 de Dezvoltare, U.S. International Development Finance Corporation, Japan Bank for International Cooperation \u0219i Japan External Trade Organization.<\/p>\n<p>Evenimentul este perceput ca o platform\u0103 esen\u021bial\u0103 pentru atragerea de investi\u021bii, \u00een special \u00een sectorul energetic. Forumul adun\u0103 peste 1.200 de participan\u021bi din 45 de \u021b\u0103ri, reprezent\u00e2nd 174 de institu\u021bii \u0219i mai mult de 700 de companii \u0219i organiza\u021bii financiare.<\/p>\n<p>Administra\u021bia Preziden\u021bial\u0103 a subliniat c\u0103 prezen\u021ba semnificativ\u0103 a firmelor rom\u00e2ne\u0219ti demonstreaz\u0103 un interes crescut pentru proiectele regionale.<\/p>\n<p>Ini\u021biativa celor Trei M\u0103ri reprezint\u0103 o platform\u0103 politic\u0103 la nivel preziden\u021bial, reunind state membre ale Uniunii Europene situate \u00eentre Marea Adriatic\u0103, Marea Baltic\u0103 \u0219i Marea Neagr\u0103. Scopul acestei ini\u021biative este de a dezvolta infrastructura \u0219i de a reduce decalajele economice prin investi\u021bii \u00een energie, transport \u0219i digitalizare.<\/p>\n","protected":false},"excerpt":{"rendered":"<p>Pre\u0219edintele Rom\u00e2niei, Nicu\u0219or Dan, va participa miercuri, \u00eencep\u00e2nd cu ora 10:00 (ora Rom\u00e2niei), la o sesiune special\u0103 a Forumului de Afaceri din cadrul Ini\u021biativei celor Trei M\u0103ri. Evenimentul se desf\u0103\u0219oar\u0103 \u00een Dubrovnik, unde are loc \u0219i summitul regional. Conform informa\u021biilor furnizate de Administra\u021bia Preziden\u021bial\u0103, \u0219eful statului va lua parte la Panelul Liderilor, al\u0103turi de reprezentan\u021bi [&hellip;]<\/p>\n","protected":false},"author":2,"featured_media":16588,"comment_status":"open","ping_status":"open","sticky":false,"template":"","format":"standard","meta":{"jnews-multi-image_gallery":[],"jnews_single_post":[],"jnews_primary_category":[],"jnews_override_counter":[],"footnotes":""},"categories":[42],"tags":[5123,18881,18574,18882,420,286,7181,18883],"class_list":["post-16587","post","type-post","status-publish","format-standard","has-post-thumbnail","hentry","category-politica","tag-colaborare-internationala","tag-forumul-de-afaceri","tag-initiativa-celor-trei-mari","tag-institutii-financiare","tag-investitii","tag-nicusor-dan","tag-sector-energetic","tag-summit-regional"],"_links":{"self":[{"href":"https:\/\/www.newsrecorder.ro\/app\/wp-json\/wp\/v2\/posts\/16587","targetHints":{"allow":["GET"]}}],"collection":[{"href":"https:\/\/www.newsrecorder.ro\/app\/wp-json\/wp\/v2\/posts"}],"about":[{"href":"https:\/\/www.newsrecorder.ro\/app\/wp-json\/wp\/v2\/types\/post"}],"author":[{"embeddable":true,"href":"https:\/\/www.newsrecorder.ro\/app\/wp-json\/wp\/v2\/users\/2"}],"replies":[{"embeddable":true,"href":"https:\/\/www.newsrecorder.ro\/app\/wp-json\/wp\/v2\/comments?post=16587"}],"version-history":[{"count":0,"href":"https:\/\/www.newsrecorder.ro\/app\/wp-json\/wp\/v2\/posts\/16587\/revisions"}],"wp:featuredmedia":[{"embeddable":true,"href":"https:\/\/www.newsrecorder.ro\/app\/wp-json\/wp\/v2\/media\/16588"}],"wp:attachment":[{"href":"https:\/\/www.newsrecorder.ro\/app\/wp-json\/wp\/v2\/media?parent=16587"}],"wp:term":[{"taxonomy":"category","embeddable":true,"href":"https:\/\/www.newsrecorder.ro\/app\/wp-json\/wp\/v2\/categories?post=16587"},{"taxonomy":"post_tag","embeddable":true,"href":"https:\/\/www.newsrecorder.ro\/app\/wp-json\/wp\/v2\/tags?post=16587"}],"curies":[{"name":"wp","href":"https:\/\/api.w.org\/{rel}","templated":true}]}}