{"id":16589,"date":"2026-04-29T11:54:34","date_gmt":"2026-04-29T11:54:34","guid":{"rendered":"https:\/\/www.newsrecorder.ro\/app\/2026\/04\/29\/atac-cu-cutitul-la-londra-doua-victime-si-suspect-retinut\/"},"modified":"2026-04-29T11:54:34","modified_gmt":"2026-04-29T11:54:34","slug":"atac-cu-cutitul-la-londra-doua-victime-si-suspect-retinut","status":"publish","type":"post","link":"https:\/\/www.newsrecorder.ro\/app\/2026\/04\/29\/atac-cu-cutitul-la-londra-doua-victime-si-suspect-retinut\/","title":{"rendered":"Atac cu cu\u021bitul la Londra: Dou\u0103 victime \u0219i suspect re\u021binut!"},"content":{"rendered":"<p>Un incident alarmant a avut loc pe Golders Green Road, unde un b\u0103rbat a fost observat alerg\u00e2nd \u00eenarmat cu un cu\u021bit, av\u00e2nd inten\u021bia de a \u00eenjunghia persoane de origine evreiasc\u0103. Interven\u021bia rapid\u0103 a unui grup local a dus la re\u021binerea suspectului, iar poli\u021bia a fost chemat\u0103 pentru a-l imobiliza. \u00cen urma acestui atac, b\u0103rbatul a fost arestat. Din p\u0103cate, dou\u0103 persoane au fost grav r\u0103nite \u0219i sunt \u00een prezent sub \u00eengrijirea serviciului medical comunitar evreiesc, Hatzola. Suspectul se afl\u0103 acum \u00een arest, iar autorit\u0103\u021bile vor oferi informa\u021bii suplimentare pe parcursul anchetei, conform unui mesaj transmis de organiza\u021bia evreiasc\u0103 local\u0103, Shomrim, citat de <a style=\"color: #0000ff\" href=\"https:\/\/news.sky.com\/story\/follow-latest-two-people-stabbed-in-north-london-jewish-security-group-says-13527284\">Sky News<\/a>.<\/p>\n<p>Premierul Starmer a reac\u021bionat la aceast\u0103 situa\u021bie \u00eengrijor\u0103toare, afirm\u00e2nd: \u201eAcum exist\u0103 o anchet\u0103 a poli\u021biei \u0219i consider c\u0103 fiecare dintre noi trebuie s\u0103 fac\u0103 tot ce poate pentru a sprijini aceast\u0103 investiga\u021bie. Trebuie s\u0103 fim foarte clari \u00een privin\u021ba determin\u0103rii noastre de a combate aceste infrac\u021biuni, de care ne-am confruntat prea des \u00een ultima vreme.\u201d<\/p>\n","protected":false},"excerpt":{"rendered":"<p>Un incident alarmant a avut loc pe Golders Green Road, unde un b\u0103rbat a fost observat alerg\u00e2nd \u00eenarmat cu un cu\u021bit, av\u00e2nd inten\u021bia de a \u00eenjunghia persoane de origine evreiasc\u0103. Interven\u021bia rapid\u0103 a unui grup local a dus la re\u021binerea suspectului, iar poli\u021bia a fost chemat\u0103 pentru a-l imobiliza. \u00cen urma acestui atac, b\u0103rbatul a [&hellip;]<\/p>\n","protected":false},"author":2,"featured_media":16590,"comment_status":"open","ping_status":"open","sticky":false,"template":"","format":"standard","meta":{"jnews-multi-image_gallery":[],"jnews_single_post":[],"jnews_primary_category":[],"jnews_override_counter":[],"footnotes":""},"categories":[39],"tags":[557,914,18885,12867,18884,14341,1355,18886],"class_list":["post-16589","post","type-post","status-publish","format-standard","has-post-thumbnail","hentry","category-stirile-zilei","tag-arestare","tag-atac","tag-cutit","tag-evrei","tag-golders-green-road","tag-hatzola","tag-incident","tag-shomrim"],"_links":{"self":[{"href":"https:\/\/www.newsrecorder.ro\/app\/wp-json\/wp\/v2\/posts\/16589","targetHints":{"allow":["GET"]}}],"collection":[{"href":"https:\/\/www.newsrecorder.ro\/app\/wp-json\/wp\/v2\/posts"}],"about":[{"href":"https:\/\/www.newsrecorder.ro\/app\/wp-json\/wp\/v2\/types\/post"}],"author":[{"embeddable":true,"href":"https:\/\/www.newsrecorder.ro\/app\/wp-json\/wp\/v2\/users\/2"}],"replies":[{"embeddable":true,"href":"https:\/\/www.newsrecorder.ro\/app\/wp-json\/wp\/v2\/comments?post=16589"}],"version-history":[{"count":0,"href":"https:\/\/www.newsrecorder.ro\/app\/wp-json\/wp\/v2\/posts\/16589\/revisions"}],"wp:featuredmedia":[{"embeddable":true,"href":"https:\/\/www.newsrecorder.ro\/app\/wp-json\/wp\/v2\/media\/16590"}],"wp:attachment":[{"href":"https:\/\/www.newsrecorder.ro\/app\/wp-json\/wp\/v2\/media?parent=16589"}],"wp:term":[{"taxonomy":"category","embeddable":true,"href":"https:\/\/www.newsrecorder.ro\/app\/wp-json\/wp\/v2\/categories?post=16589"},{"taxonomy":"post_tag","embeddable":true,"href":"https:\/\/www.newsrecorder.ro\/app\/wp-json\/wp\/v2\/tags?post=16589"}],"curies":[{"name":"wp","href":"https:\/\/api.w.org\/{rel}","templated":true}]}}