{"id":1659,"date":"2026-02-04T12:06:36","date_gmt":"2026-02-04T12:06:36","guid":{"rendered":"https:\/\/www.newsrecorder.ro\/app\/2026\/02\/04\/mihai-popsoi-dialogul-devine-imposibil-cand-rachetele-zboara\/"},"modified":"2026-02-04T12:06:36","modified_gmt":"2026-02-04T12:06:36","slug":"mihai-popsoi-dialogul-devine-imposibil-cand-rachetele-zboara","status":"publish","type":"post","link":"https:\/\/www.newsrecorder.ro\/app\/2026\/02\/04\/mihai-popsoi-dialogul-devine-imposibil-cand-rachetele-zboara\/","title":{"rendered":"Mihai Pop\u0219oi: Dialogul devine imposibil c\u00e2nd rachetele zboar\u0103!"},"content":{"rendered":"<p>Mihai Pop\u0219oi, ministrul de Externe al Republicii Moldova, \u0219i-a exprimat o \u00eencredere rezervat\u0103 \u00een abilitatea administra\u021biei americane de a facilita procesul de pace. Totodat\u0103, el a subliniat c\u0103 realitatea de pe teren contrazice discursul Moscovei. \u00centr-un interviu acordat <a href=\"https:\/\/www.euronews.com\/my-europe\/2026\/02\/04\/russia-choosing-to-attack-soft-targets-says-moldovan-foreign-affairs-minister\" target=\"_blank\" rel=\"noopener\">Euronews<\/a>, Pop\u0219oi a lansat un apel urgent pentru oprirea atacurilor, afirm\u00e2nd c\u0103 \u201eun minim gest de bun\u0103-credin\u021b\u0103\u201d ar fi s\u0103 se pun\u0103 cap\u0103t bombardamentelor, mai ales \u00een aceast\u0103 perioad\u0103 de iarn\u0103, c\u00e2nd popula\u021bia este expus\u0103 la condi\u021bii extreme \u0219i infrastructura energetic\u0103 este grav afectat\u0103.<\/p>\n<p>Ministrul moldovean a acuzat Rusia de atacuri deliberate asupra civililor, pun\u00e2nd la \u00eendoial\u0103 angajamentul Kremlinului fa\u021b\u0103 de negocieri. \u201eC\u00e2nd rachetele lovesc, copiii mor, iar oamenii \u00eenghea\u021b\u0103 \u00een fiecare diminea\u021b\u0103. Un minim gest de bun\u0103-credin\u021b\u0103 ar fi s\u0103 se opreasc\u0103 aceste atacuri\u201d, a declarat Pop\u0219oi. Aceste declara\u021bii vin \u00een contextul preg\u0103tirilor pentru o nou\u0103 rund\u0103 de discu\u021bii, mediat\u0103 de Statele Unite, care se va desf\u0103\u0219ura la Abu Dhabi \u0219i care se va concentra pe revendic\u0103rile teritoriale ale Rusiei \u00een estul Ucrainei.<\/p>\n<p>Republica Moldova se afl\u0103 \u00eentr-o situa\u021bie strategic\u0103 delicat\u0103, datorit\u0103 statutului s\u0103u de neutralitate \u0219i a lipsei de apartenen\u021b\u0103 la NATO sau Uniunea European\u0103. Pop\u0219oi a subliniat c\u0103, \u00een ciuda acestui statut constitu\u021bional, \u021bara a fost constant afectat\u0103 de Federa\u021bia Rus\u0103, care a \u00eenc\u0103lcat \u00een mod repetat neutralitatea Moldovei, f\u0103c\u00e2nd referire \u00een special la prezen\u021ba trupelor ruse \u00een Transnistria.<\/p>\n<p>\u00cen acest climat tensionat, Chi\u0219in\u0103ul \u00ee\u0219i leag\u0103 securitatea de integrarea european\u0103. Ministrul Pop\u0219oi a confirmat obiectivul de a finaliza negocierile de aderare la Uniunea European\u0103 p\u00e2n\u0103 \u00een anul 2028, eviden\u021biind c\u0103 autorit\u0103\u021bile moldovene desf\u0103\u0219oar\u0103 \u201emunca grea\u201d necesar\u0103 \u00een domeniile justi\u021biei, economiei \u0219i <a href=\"https:\/\/www.mediafax.ro\/economic\/care-e-stadiul-segmentelor-de-autostrada-cuprinse-in-safe-care-se-intind-si-in-r-moldova-si-ucraina-declaratiile-secretarului-de-stat-irinel-ionel-scriosteanu-23681065\" target=\"_blank\" rel=\"noopener\">administra\u021biei publice<\/a>. Aderarea la Uniunea European\u0103 reprezint\u0103 pentru Moldova nu doar un proiect politic, ci \u0219i o garan\u021bie de stabilitate regional\u0103.<\/p>\n","protected":false},"excerpt":{"rendered":"<p>Mihai Pop\u0219oi, ministrul de Externe al Republicii Moldova, \u0219i-a exprimat o \u00eencredere rezervat\u0103 \u00een abilitatea administra\u021biei americane de a facilita procesul de pace. Totodat\u0103, el a subliniat c\u0103 realitatea de pe teren contrazice discursul Moscovei. \u00centr-un interviu acordat Euronews, Pop\u0219oi a lansat un apel urgent pentru oprirea atacurilor, afirm\u00e2nd c\u0103 \u201eun minim gest de bun\u0103-credin\u021b\u0103\u201d [&hellip;]<\/p>\n","protected":false},"author":2,"featured_media":1660,"comment_status":"open","ping_status":"open","sticky":false,"template":"","format":"standard","meta":{"jnews-multi-image_gallery":[],"jnews_single_post":[],"jnews_primary_category":[],"jnews_override_counter":[],"footnotes":""},"categories":[39],"tags":[922,2967,2966,1085,2583,686,2965,285],"class_list":["post-1659","post","type-post","status-publish","format-standard","has-post-thumbnail","hentry","category-stirile-zilei","tag-atacuri-rusesti","tag-buna-credinta","tag-conditii-extreme","tag-infrastructura-energetica","tag-mihai-popsoi","tag-negocieri","tag-proces-de-pace","tag-republica-moldova"],"_links":{"self":[{"href":"https:\/\/www.newsrecorder.ro\/app\/wp-json\/wp\/v2\/posts\/1659","targetHints":{"allow":["GET"]}}],"collection":[{"href":"https:\/\/www.newsrecorder.ro\/app\/wp-json\/wp\/v2\/posts"}],"about":[{"href":"https:\/\/www.newsrecorder.ro\/app\/wp-json\/wp\/v2\/types\/post"}],"author":[{"embeddable":true,"href":"https:\/\/www.newsrecorder.ro\/app\/wp-json\/wp\/v2\/users\/2"}],"replies":[{"embeddable":true,"href":"https:\/\/www.newsrecorder.ro\/app\/wp-json\/wp\/v2\/comments?post=1659"}],"version-history":[{"count":0,"href":"https:\/\/www.newsrecorder.ro\/app\/wp-json\/wp\/v2\/posts\/1659\/revisions"}],"wp:featuredmedia":[{"embeddable":true,"href":"https:\/\/www.newsrecorder.ro\/app\/wp-json\/wp\/v2\/media\/1660"}],"wp:attachment":[{"href":"https:\/\/www.newsrecorder.ro\/app\/wp-json\/wp\/v2\/media?parent=1659"}],"wp:term":[{"taxonomy":"category","embeddable":true,"href":"https:\/\/www.newsrecorder.ro\/app\/wp-json\/wp\/v2\/categories?post=1659"},{"taxonomy":"post_tag","embeddable":true,"href":"https:\/\/www.newsrecorder.ro\/app\/wp-json\/wp\/v2\/tags?post=1659"}],"curies":[{"name":"wp","href":"https:\/\/api.w.org\/{rel}","templated":true}]}}