{"id":16597,"date":"2026-04-29T12:06:46","date_gmt":"2026-04-29T12:06:46","guid":{"rendered":"https:\/\/www.newsrecorder.ro\/app\/2026\/04\/29\/nicusor-dan-initiativa-celor-trei-mari-sansa-economica-a-romaniei\/"},"modified":"2026-04-29T12:06:46","modified_gmt":"2026-04-29T12:06:46","slug":"nicusor-dan-initiativa-celor-trei-mari-sansa-economica-a-romaniei","status":"publish","type":"post","link":"https:\/\/www.newsrecorder.ro\/app\/2026\/04\/29\/nicusor-dan-initiativa-celor-trei-mari-sansa-economica-a-romaniei\/","title":{"rendered":"Nicu\u0219or Dan: Ini\u021biativa celor Trei M\u0103ri, \u0219ansa economic\u0103 a Rom\u00e2niei!"},"content":{"rendered":"<p>Pre\u0219edintele Rom\u00e2niei, Nicu\u0219or Dan, a declarat miercuri, pe platforma sa de X, c\u0103 participarea sa la Forumul de Afaceri al Ini\u021biativei celor Trei M\u0103ri reprezint\u0103 o \u201ebun\u0103 oportunitate s\u0103 ne asociem \u0219i s\u0103 ne conect\u0103m economiile pentru a ne promova cu to\u021bii mai bine interesele\u201d.<\/p>\n<p>\u201eAst\u0103zi am participat la sesiunea special\u0103 a Forumului de Afaceri al Ini\u021biativei celor Trei M\u0103ri, un cadru relevant care reune\u0219te \u021b\u0103ri, majoritatea foste comuniste, av\u00e2nd dezvolt\u0103ri similare \u0219i aspira\u021bii comune \u00een cadrul Uniunii Europene. Acest forum urm\u0103re\u0219te s\u0103 ating\u0103 obiective comune \u00een domeniul energiei \u0219i competitivit\u0103\u021bii\u201d, a subliniat pre\u0219edintele.<\/p>\n<p>Nicu\u0219or Dan a eviden\u021biat c\u0103 o colaborare mai str\u00e2ns\u0103 \u00eentre aceste state poate genera rezultate concrete, \u00een special \u00een sectorul inov\u0103rii. \u201e\u00cempreun\u0103 putem deveni mai eficien\u021bi \u0219i putem atrage mai multe fonduri destinate inov\u0103rii, care reprezint\u0103 motorul progresului\u201d, a ad\u0103ugat acesta.<\/p>\n<p>\u201ePentru Rom\u00e2nia, aceasta este o oportunitate excelent\u0103 de a ne asocia \u0219i de a ne conecta economiile pentru a ne promova mai bine interesele comune\u201d, a concluzionat pre\u0219edintele Dan.<\/p>\n","protected":false},"excerpt":{"rendered":"<p>Pre\u0219edintele Rom\u00e2niei, Nicu\u0219or Dan, a declarat miercuri, pe platforma sa de X, c\u0103 participarea sa la Forumul de Afaceri al Ini\u021biativei celor Trei M\u0103ri reprezint\u0103 o \u201ebun\u0103 oportunitate s\u0103 ne asociem \u0219i s\u0103 ne conect\u0103m economiile pentru a ne promova cu to\u021bii mai bine interesele\u201d. \u201eAst\u0103zi am participat la sesiunea special\u0103 a Forumului de Afaceri [&hellip;]<\/p>\n","protected":false},"author":2,"featured_media":16598,"comment_status":"open","ping_status":"open","sticky":false,"template":"","format":"standard","meta":{"jnews-multi-image_gallery":[],"jnews_single_post":[],"jnews_primary_category":[],"jnews_override_counter":[],"footnotes":""},"categories":[39],"tags":[297,513,1075,18897,18574,1950,286,321],"class_list":["post-16597","post","type-post","status-publish","format-standard","has-post-thumbnail","hentry","category-stirile-zilei","tag-colaborare","tag-competitivitate","tag-dezvoltare-economica","tag-forum-de-afaceri","tag-initiativa-celor-trei-mari","tag-inovatie","tag-nicusor-dan","tag-uniunea-europeana"],"_links":{"self":[{"href":"https:\/\/www.newsrecorder.ro\/app\/wp-json\/wp\/v2\/posts\/16597","targetHints":{"allow":["GET"]}}],"collection":[{"href":"https:\/\/www.newsrecorder.ro\/app\/wp-json\/wp\/v2\/posts"}],"about":[{"href":"https:\/\/www.newsrecorder.ro\/app\/wp-json\/wp\/v2\/types\/post"}],"author":[{"embeddable":true,"href":"https:\/\/www.newsrecorder.ro\/app\/wp-json\/wp\/v2\/users\/2"}],"replies":[{"embeddable":true,"href":"https:\/\/www.newsrecorder.ro\/app\/wp-json\/wp\/v2\/comments?post=16597"}],"version-history":[{"count":0,"href":"https:\/\/www.newsrecorder.ro\/app\/wp-json\/wp\/v2\/posts\/16597\/revisions"}],"wp:featuredmedia":[{"embeddable":true,"href":"https:\/\/www.newsrecorder.ro\/app\/wp-json\/wp\/v2\/media\/16598"}],"wp:attachment":[{"href":"https:\/\/www.newsrecorder.ro\/app\/wp-json\/wp\/v2\/media?parent=16597"}],"wp:term":[{"taxonomy":"category","embeddable":true,"href":"https:\/\/www.newsrecorder.ro\/app\/wp-json\/wp\/v2\/categories?post=16597"},{"taxonomy":"post_tag","embeddable":true,"href":"https:\/\/www.newsrecorder.ro\/app\/wp-json\/wp\/v2\/tags?post=16597"}],"curies":[{"name":"wp","href":"https:\/\/api.w.org\/{rel}","templated":true}]}}