{"id":16599,"date":"2026-04-29T12:07:33","date_gmt":"2026-04-29T12:07:33","guid":{"rendered":"https:\/\/www.newsrecorder.ro\/app\/2026\/04\/29\/fritz-critica-psd-alegeti-drumul-aur-spre-est\/"},"modified":"2026-04-29T12:07:33","modified_gmt":"2026-04-29T12:07:33","slug":"fritz-critica-psd-alegeti-drumul-aur-spre-est","status":"publish","type":"post","link":"https:\/\/www.newsrecorder.ro\/app\/2026\/04\/29\/fritz-critica-psd-alegeti-drumul-aur-spre-est\/","title":{"rendered":"Fritz critic\u0103 PSD: Alege\u021bi drumul AUR spre Est!"},"content":{"rendered":"<p>Dominic Fritz a lansat critici dure miercuri \u00eempotriva textului mo\u021biunii de cenzur\u0103 ini\u021biate \u00eempotriva cabinetului Bolojan, acuz\u00e2nd forma\u021biunile politice implicate c\u0103 promoveaz\u0103 un discurs pro-rus. Liderul USR a catalogat PSD ca fiind un partid ipocrit, care se \u00eendep\u0103rteaz\u0103 de valorile europene pe care le-a sus\u021binut anterior.<\/p>\n<p>\u201eCiti\u021bi mo\u021biunea PSD-AUR. Termeni precum \u201eRom\u00e2nia tratat\u0103 ca o colonie\u201d, \u201ebirocra\u021bie transna\u021bional\u0103\u201d, \u201emodel str\u0103in impus\u201d \u0219i \u201eactive strategice v\u00e2ndute\u201d sunt evidente. AUR a preluat acest limbaj din manualele ce circul\u0103 la Moscova, iar PSD \u00eel adopt\u0103 f\u0103r\u0103 ezitare. Partidul Social Democrat, care a fost odat\u0103 un partener al unei coali\u021bii pro-europene, atac\u0103 acum, cu o ipocrizie deosebit\u0103, reformele care pot propulsa Rom\u00e2nia pe calea european\u0103. Ne anun\u021b\u0103 c\u0103 urmeaz\u0103 un nou parcurs. Un parcurs spre Est. Un parcurs AUR. Dac\u0103 voteaz\u0103 aceast\u0103 mo\u021biune, PSD nu mai poate fi considerat un partid pro-european\u201d, a scris Dominic Fritz pe pagina sa de Facebook.<\/p>\n<p>Pre\u0219edintele USR a criticat, de asemenea, guvernele anterioare conduse de Nicolae Ciuc\u0103 \u0219i Marcel Ciolacu, eviden\u021biind cre\u0219terea deficitului bugetar, precum \u0219i problemele de corup\u021bie \u0219i sinecurile politice din stat.<\/p>\n<p>\u201eMo\u021biunea AUR-PSD denume\u0219te reformele mini\u0219trilor USR drept \u201estr\u0103ine de sufletul poporului\u201d. Ce \u00eenseamn\u0103 \u201esufletul poporului\u201d pentru ei? Este acesta legat de \u00een\u021belepciunea ruseasc\u0103? Este vorba despre deficitul de 9,3% pe care l-au l\u0103sat \u00een urma guvern\u0103rii Ciolacu-Ciuc\u0103, cel mai mare din Uniunea European\u0103? Sau despre pensiile speciale pe care le ap\u0103r\u0103 cu at\u00e2ta fervor? Despre cutiile de pantofi pline cu \u0219pag\u0103? Sau despre veri\u0219orii pe care i-au plasat \u00een func\u021bii de stat?\u201d, a ad\u0103ugat Fritz.<\/p>\n<p>\u00cen concluzie, pre\u0219edintele USR a reafirmat angajamentul pro-european al Rom\u00e2niei \u0219i a f\u0103cut un apel c\u0103tre sus\u021bin\u0103tori s\u0103 exercite presiuni asupra parlamentarilor PSD \u0219i AUR pentru a respinge mo\u021biunea.<\/p>\n<p>\u201eRom\u00e2nia noastr\u0103 este Rom\u00e2nia european\u0103. Nu ne vom \u00eentoarce \u00eenapoi. De aceea, acest Guvern trebuie s\u0103 continue. Nu ne permitem \u00eenc\u0103 un deceniu de izolare \u0219i s\u0103r\u0103cie cauzate de re\u021bele corupte. Acesta este planul AUR-PSD. \u0218i putem s\u0103-l stop\u0103m. Nu abandon\u0103m. Apela\u021bi la fiecare deputat \u0219i senator PSD \u0219i AUR\u201d, a concluzionat primarul Timi\u0219oarei.<\/p>\n<p>Partidul Social Democrat, \u00eempreun\u0103 cu Alian\u021ba pentru Unirea Rom\u00e2nilor, a depus <a style=\"color: #0000ff\" href=\"https:\/\/www.mediafax.ro\/politic\/motiunea-de-cenzura-impotriva-guvernului-bolojan-citita-astazi-in-parlament-votul-decisiv-programat-pe-5-mai-23728266\">mo\u021biunea<\/a> de cenzur\u0103 \u00eempotriva Guvernului condus de Ilie Bolojan, iar votul este programat pentru mar\u021bea viitoare, pe 5 mai.<\/p>\n","protected":false},"excerpt":{"rendered":"<p>Dominic Fritz a lansat critici dure miercuri \u00eempotriva textului mo\u021biunii de cenzur\u0103 ini\u021biate \u00eempotriva cabinetului Bolojan, acuz\u00e2nd forma\u021biunile politice implicate c\u0103 promoveaz\u0103 un discurs pro-rus. Liderul USR a catalogat PSD ca fiind un partid ipocrit, care se \u00eendep\u0103rteaz\u0103 de valorile europene pe care le-a sus\u021binut anterior. \u201eCiti\u021bi mo\u021biunea PSD-AUR. Termeni precum \u201eRom\u00e2nia tratat\u0103 ca o [&hellip;]<\/p>\n","protected":false},"author":2,"featured_media":16600,"comment_status":"open","ping_status":"open","sticky":false,"template":"","format":"standard","meta":{"jnews-multi-image_gallery":[],"jnews_single_post":[],"jnews_primary_category":[],"jnews_override_counter":[],"footnotes":""},"categories":[39],"tags":[1916,18898,18899,3939,12212,18900,300,10492],"class_list":["post-16599","post","type-post","status-publish","format-standard","has-post-thumbnail","hentry","category-stirile-zilei","tag-aur","tag-cabinetul-bolojan","tag-discurs-pro-rus","tag-dominic-fritz","tag-motiune-de-cenzura","tag-partid-ipocrit","tag-psd","tag-valori-europene"],"_links":{"self":[{"href":"https:\/\/www.newsrecorder.ro\/app\/wp-json\/wp\/v2\/posts\/16599","targetHints":{"allow":["GET"]}}],"collection":[{"href":"https:\/\/www.newsrecorder.ro\/app\/wp-json\/wp\/v2\/posts"}],"about":[{"href":"https:\/\/www.newsrecorder.ro\/app\/wp-json\/wp\/v2\/types\/post"}],"author":[{"embeddable":true,"href":"https:\/\/www.newsrecorder.ro\/app\/wp-json\/wp\/v2\/users\/2"}],"replies":[{"embeddable":true,"href":"https:\/\/www.newsrecorder.ro\/app\/wp-json\/wp\/v2\/comments?post=16599"}],"version-history":[{"count":0,"href":"https:\/\/www.newsrecorder.ro\/app\/wp-json\/wp\/v2\/posts\/16599\/revisions"}],"wp:featuredmedia":[{"embeddable":true,"href":"https:\/\/www.newsrecorder.ro\/app\/wp-json\/wp\/v2\/media\/16600"}],"wp:attachment":[{"href":"https:\/\/www.newsrecorder.ro\/app\/wp-json\/wp\/v2\/media?parent=16599"}],"wp:term":[{"taxonomy":"category","embeddable":true,"href":"https:\/\/www.newsrecorder.ro\/app\/wp-json\/wp\/v2\/categories?post=16599"},{"taxonomy":"post_tag","embeddable":true,"href":"https:\/\/www.newsrecorder.ro\/app\/wp-json\/wp\/v2\/tags?post=16599"}],"curies":[{"name":"wp","href":"https:\/\/api.w.org\/{rel}","templated":true}]}}