{"id":16601,"date":"2026-04-29T12:07:47","date_gmt":"2026-04-29T12:07:47","guid":{"rendered":"https:\/\/www.newsrecorder.ro\/app\/2026\/04\/29\/greva-maritima-in-grecia-de-1-mai-feriboturile-oprite-avertisment-mae\/"},"modified":"2026-04-29T12:07:47","modified_gmt":"2026-04-29T12:07:47","slug":"greva-maritima-in-grecia-de-1-mai-feriboturile-oprite-avertisment-mae","status":"publish","type":"post","link":"https:\/\/www.newsrecorder.ro\/app\/2026\/04\/29\/greva-maritima-in-grecia-de-1-mai-feriboturile-oprite-avertisment-mae\/","title":{"rendered":"Grev\u0103 maritim\u0103 \u00een Grecia de 1 Mai: Feriboturile, oprite! Avertisment MAE"},"content":{"rendered":"<p>Ministerul Afacerilor Externe (MAE) a emis, miercuri, o aten\u021bionare important\u0103 pentru rom\u00e2nii care pl\u0103nuiesc s\u0103 c\u0103l\u0103toreasc\u0103 \u00een Grecia. \u00cencep\u00e2nd cu data de 1 mai, este programat\u0103 o grev\u0103 \u00een sectorul maritim, ceea ce va afecta semnificativ transportul pe ap\u0103. Toate navele, inclusiv feriboturile care opereaz\u0103 \u00eentre continent \u0219i insule, vor r\u0103m\u00e2ne ancorate \u00een porturi pe durata \u00eentregii zile.<\/p>\n<p>Conform informa\u021biilor furnizate de MAE, greva este organizat\u0103 de Confedera\u021bia Maritim\u0103 Panelen\u0103 \u0219i va \u00eencepe la ora 00:01. Aceasta va duce la suspendarea complet\u0103 a transportului maritim de pasageri \u0219i vehicule, afect\u00e2nd astfel c\u0103l\u0103toriile \u00eentre partea continental\u0103 \u0219i insulele grece\u0219ti.<\/p>\n<p>Autorit\u0103\u021bile rom\u00e2ne recomand\u0103 tuturor cet\u0103\u021benilor care se afl\u0103 \u00een Grecia, care o tranziteaz\u0103 sau care inten\u021bioneaz\u0103 s\u0103 c\u0103l\u0103toreasc\u0103 acolo, s\u0103 \u00ee\u0219i planifice cu aten\u021bie itinerariile \u0219i s\u0103 fie con\u0219tien\u021bi de aceste restric\u021bii temporare.<\/p>\n<p>MAE subliniaz\u0103 c\u0103 cet\u0103\u021benii rom\u00e2ni pot solicita asisten\u021b\u0103 consular\u0103 apel\u00e2nd numerele Ambasadei Rom\u00e2niei la Atena: +30 210 672 8875 \u0219i +30 210 672 8879, precum \u0219i num\u0103rul Consulatului General al Rom\u00e2niei la Salonic: +30 231 034 0088. Apelurile sunt redirec\u021bionate c\u0103tre Centrul de Contact \u0219i Suport al Cet\u0103\u021benilor Rom\u00e2ni din Str\u0103in\u0103tate (CCSCRS), disponibil non-stop pentru a oferi suport necesar.<\/p>\n<p>De asemenea, MAE recomand\u0103 consultarea <a href=\"https:\/\/atena.mae.ro\/\">site-ului oficial<\/a> \u0219i a aplica\u021biei \u201e<a href=\"https:\/\/www.gov.gr\/en\/upourgeia\/upourgeio-tourismou\/tourismou\/maigreece\">mAIGreece<\/a>\u201d, care este oferit\u0103 de autorit\u0103\u021bile elene, pentru a ob\u021bine informa\u021bii actualizate referitoare la condi\u021biile de c\u0103l\u0103torie. Aceasta va ajuta c\u0103l\u0103torii s\u0103 fie la curent cu cele mai recente dezvolt\u0103ri \u0219i s\u0103 \u00ee\u0219i adapteze planurile \u00een consecin\u021b\u0103.<\/p>\n","protected":false},"excerpt":{"rendered":"<p>Ministerul Afacerilor Externe (MAE) a emis, miercuri, o aten\u021bionare important\u0103 pentru rom\u00e2nii care pl\u0103nuiesc s\u0103 c\u0103l\u0103toreasc\u0103 \u00een Grecia. \u00cencep\u00e2nd cu data de 1 mai, este programat\u0103 o grev\u0103 \u00een sectorul maritim, ceea ce va afecta semnificativ transportul pe ap\u0103. Toate navele, inclusiv feriboturile care opereaz\u0103 \u00eentre continent \u0219i insule, vor r\u0103m\u00e2ne ancorate \u00een porturi pe [&hellip;]<\/p>\n","protected":false},"author":2,"featured_media":16602,"comment_status":"open","ping_status":"open","sticky":false,"template":"","format":"standard","meta":{"jnews-multi-image_gallery":[],"jnews_single_post":[],"jnews_primary_category":[],"jnews_override_counter":[],"footnotes":""},"categories":[39],"tags":[1117,18902,18901,1274,4079,4184,692,8753],"class_list":["post-16601","post","type-post","status-publish","format-standard","has-post-thumbnail","hentry","category-stirile-zilei","tag-calatorii","tag-confederatia-maritima-panelena","tag-feriboturi","tag-grecia","tag-greva","tag-mae","tag-restrictii","tag-transport-maritim"],"_links":{"self":[{"href":"https:\/\/www.newsrecorder.ro\/app\/wp-json\/wp\/v2\/posts\/16601","targetHints":{"allow":["GET"]}}],"collection":[{"href":"https:\/\/www.newsrecorder.ro\/app\/wp-json\/wp\/v2\/posts"}],"about":[{"href":"https:\/\/www.newsrecorder.ro\/app\/wp-json\/wp\/v2\/types\/post"}],"author":[{"embeddable":true,"href":"https:\/\/www.newsrecorder.ro\/app\/wp-json\/wp\/v2\/users\/2"}],"replies":[{"embeddable":true,"href":"https:\/\/www.newsrecorder.ro\/app\/wp-json\/wp\/v2\/comments?post=16601"}],"version-history":[{"count":0,"href":"https:\/\/www.newsrecorder.ro\/app\/wp-json\/wp\/v2\/posts\/16601\/revisions"}],"wp:featuredmedia":[{"embeddable":true,"href":"https:\/\/www.newsrecorder.ro\/app\/wp-json\/wp\/v2\/media\/16602"}],"wp:attachment":[{"href":"https:\/\/www.newsrecorder.ro\/app\/wp-json\/wp\/v2\/media?parent=16601"}],"wp:term":[{"taxonomy":"category","embeddable":true,"href":"https:\/\/www.newsrecorder.ro\/app\/wp-json\/wp\/v2\/categories?post=16601"},{"taxonomy":"post_tag","embeddable":true,"href":"https:\/\/www.newsrecorder.ro\/app\/wp-json\/wp\/v2\/tags?post=16601"}],"curies":[{"name":"wp","href":"https:\/\/api.w.org\/{rel}","templated":true}]}}