{"id":16605,"date":"2026-04-29T12:41:18","date_gmt":"2026-04-29T12:41:18","guid":{"rendered":"https:\/\/www.newsrecorder.ro\/app\/2026\/04\/29\/crima-socanta-in-japonia-barbat-suspectat-de-uciderea-sotiei-si-incinerare\/"},"modified":"2026-04-29T12:41:18","modified_gmt":"2026-04-29T12:41:18","slug":"crima-socanta-in-japonia-barbat-suspectat-de-uciderea-sotiei-si-incinerare","status":"publish","type":"post","link":"https:\/\/www.newsrecorder.ro\/app\/2026\/04\/29\/crima-socanta-in-japonia-barbat-suspectat-de-uciderea-sotiei-si-incinerare\/","title":{"rendered":"Crim\u0103 \u0219ocant\u0103 \u00een Japonia: B\u0103rbat suspectat de uciderea so\u021biei \u0219i incinerare!"},"content":{"rendered":"<p>Un b\u0103rbat de 30 de ani, angajat al Gr\u0103dinii Zoologice Asahiyama, situat\u0103 pe insula Hokkaido din nordul Japoniei, este subiectul unei anchete \u00een leg\u0103tur\u0103 cu dispari\u021bia so\u021biei sale, ale c\u0103rei r\u0103m\u0103\u0219i\u021be nu au fost \u00eenc\u0103 descoperite, conform informa\u021biilor publicate de <a href=\"https:\/\/www.lefigaro.fr\/international\/japon-un-homme-soupconne-d-avoir-incinere-le-corps-de-sa-femme-dans-un-zoo-20260429\" target=\"_blank\" rel=\"noopener\">Le Figaro<\/a>.<\/p>\n<p>Conform surselor locale, b\u0103rbatul a declarat anchetatorilor c\u0103 a utilizat incineratorul gr\u0103dinii zoologice, destinat \u00een mod obi\u0219nuit pentru arderea de\u0219eurilor \u0219i a cadavrelor animalelor, pentru a incinera corpul so\u021biei sale \u201etimp de c\u00e2teva ore\u201d. Ancheta este \u00een plin\u0103 desf\u0103\u0219urare, iar gr\u0103dina zoologic\u0103, care a fost \u00eenchis\u0103 la \u00eenceputul lunii pentru a se preg\u0103ti pentru sezonul estival, a fost nevoit\u0103 s\u0103 am\u00e2ne redeschiderea, ini\u021bial programat\u0103 pentru miercuri.<\/p>\n<p>\u201ePoli\u021bia efectueaz\u0103 \u00een prezent o anchet\u0103, iar unitatea noastr\u0103 va coopera pe deplin\u201d, a declarat gr\u0103dina zoologic\u0103 \u00eentr-un comunicat emis miercuri. De asemenea, institu\u021bia a anun\u021bat c\u0103 \u00ee\u0219i va relua activit\u0103\u021bile vineri.<\/p>\n","protected":false},"excerpt":{"rendered":"<p>Un b\u0103rbat de 30 de ani, angajat al Gr\u0103dinii Zoologice Asahiyama, situat\u0103 pe insula Hokkaido din nordul Japoniei, este subiectul unei anchete \u00een leg\u0103tur\u0103 cu dispari\u021bia so\u021biei sale, ale c\u0103rei r\u0103m\u0103\u0219i\u021be nu au fost \u00eenc\u0103 descoperite, conform informa\u021biilor publicate de Le Figaro. Conform surselor locale, b\u0103rbatul a declarat anchetatorilor c\u0103 a utilizat incineratorul gr\u0103dinii zoologice, [&hellip;]<\/p>\n","protected":false},"author":2,"featured_media":16606,"comment_status":"open","ping_status":"open","sticky":false,"template":"","format":"standard","meta":{"jnews-multi-image_gallery":[],"jnews_single_post":[],"jnews_primary_category":[],"jnews_override_counter":[],"footnotes":""},"categories":[39],"tags":[817,2327,12012,18463,18903,385,8486,4598],"class_list":["post-16605","post","type-post","status-publish","format-standard","has-post-thumbnail","hentry","category-stirile-zilei","tag-ancheta","tag-disparitie","tag-gradina-zoologica","tag-hokkaido","tag-incinerare","tag-japonia","tag-ramasite","tag-sotie"],"_links":{"self":[{"href":"https:\/\/www.newsrecorder.ro\/app\/wp-json\/wp\/v2\/posts\/16605","targetHints":{"allow":["GET"]}}],"collection":[{"href":"https:\/\/www.newsrecorder.ro\/app\/wp-json\/wp\/v2\/posts"}],"about":[{"href":"https:\/\/www.newsrecorder.ro\/app\/wp-json\/wp\/v2\/types\/post"}],"author":[{"embeddable":true,"href":"https:\/\/www.newsrecorder.ro\/app\/wp-json\/wp\/v2\/users\/2"}],"replies":[{"embeddable":true,"href":"https:\/\/www.newsrecorder.ro\/app\/wp-json\/wp\/v2\/comments?post=16605"}],"version-history":[{"count":0,"href":"https:\/\/www.newsrecorder.ro\/app\/wp-json\/wp\/v2\/posts\/16605\/revisions"}],"wp:featuredmedia":[{"embeddable":true,"href":"https:\/\/www.newsrecorder.ro\/app\/wp-json\/wp\/v2\/media\/16606"}],"wp:attachment":[{"href":"https:\/\/www.newsrecorder.ro\/app\/wp-json\/wp\/v2\/media?parent=16605"}],"wp:term":[{"taxonomy":"category","embeddable":true,"href":"https:\/\/www.newsrecorder.ro\/app\/wp-json\/wp\/v2\/categories?post=16605"},{"taxonomy":"post_tag","embeddable":true,"href":"https:\/\/www.newsrecorder.ro\/app\/wp-json\/wp\/v2\/tags?post=16605"}],"curies":[{"name":"wp","href":"https:\/\/api.w.org\/{rel}","templated":true}]}}