{"id":16607,"date":"2026-04-29T12:41:42","date_gmt":"2026-04-29T12:41:42","guid":{"rendered":"https:\/\/www.newsrecorder.ro\/app\/2026\/04\/29\/timmy-balena-cu-cocoasa-de-ce-a-esuat-salvarea-sa-de-cinci-ori\/"},"modified":"2026-04-29T12:41:42","modified_gmt":"2026-04-29T12:41:42","slug":"timmy-balena-cu-cocoasa-de-ce-a-esuat-salvarea-sa-de-cinci-ori","status":"publish","type":"post","link":"https:\/\/www.newsrecorder.ro\/app\/2026\/04\/29\/timmy-balena-cu-cocoasa-de-ce-a-esuat-salvarea-sa-de-cinci-ori\/","title":{"rendered":"Timmy, balena cu cocoa\u0219\u0103: De ce a e\u0219uat salvarea sa de cinci ori?"},"content":{"rendered":"<p>Balena cu cocoa\u0219\u0103, cunoscut\u0103 sub numele de \u201eTimmy\u201d \u00een presa german\u0103, a captat aten\u021bia na\u021bional\u0103 dup\u0103 ce a r\u0103mas blocat\u0103 pe un banc de nisip \u00een apropierea ora\u0219ului L\u00fcbeck, Germania, la sf\u00e2r\u0219itul lunii martie. Aceast\u0103 situa\u021bie dramatic\u0103 a fost raportat\u0103 de <a href=\"https:\/\/www.dw.com\/es\/la-ballena-jorobada-timmy-logra-llegar-a-barcaza-especial\/a-76975266\" target=\"_blank\" rel=\"noopener\">DW<\/a>.<\/p>\n<p>O opera\u021biune de salvare recent\u0103, sus\u021binut\u0103 financiar de doi antreprenori, implic\u0103 transportarea mamiferului pe o barj\u0103 special\u0103, care de obicei este folosit\u0103 pentru <strong>transportul altor ambarca\u021biuni de pe coasta german\u0103 a M\u0103rii Baltice c\u0103tre ape mai ad\u00e2nci<\/strong>.<\/p>\n<p>\u00cen diminea\u021ba zilei de mar\u021bi, echipa de salvare a \u00eenceput s\u0103 fixeze chingi \u00een jurul balenei, \u00eendrum\u00e2nd-o printr-un canal s\u0103pat \u00een nisip, astfel \u00eenc\u00e2t s\u0103 poat\u0103 ajunge la barj\u0103, situat\u0103 \u00een apropierea insulei Poel. Dup\u0103 ce a parcurs o distan\u021b\u0103 considerabil\u0103, balena, \u00eenso\u021bit\u0103 de salvatori care \u00eenotau al\u0103turi de ea, a accelerat \u0219i a reu\u0219it \u00een cele din urm\u0103 s\u0103 intre \u00een ambarca\u021biune, st\u00e2rnind strig\u0103te de bucurie din partea echipei de salvare \u0219i a celor care urm\u0103reau de pe \u021b\u0103rm.<\/p>\n<p>Planul de salvare prevede acum transportul barjei p\u00e2n\u0103 \u00een Marea Nordului, unde, dac\u0103 animalul se dovede\u0219te a fi suficient de puternic, va fi eliberat \u00een largul m\u0103rii. O plas\u0103 verde va fi utilizat\u0103 pentru a \u00eenchide intrarea ambarca\u021biunii, \u00eempiedic\u00e2nd mamiferul s\u0103 ias\u0103 \u00eenainte de momentul potrivit.<\/p>\n<p>Timmy a fost observat pentru prima dat\u0103 pe 23 martie, blocat pe un banc de nisip. De\u0219i a reu\u0219it s\u0103 se elibereze singur, a e\u0219uat din nou de mai multe ori. Au fost efectuate mai multe \u00eencerc\u0103ri de salvare, inclusiv s\u0103parea de canale pentru a facilita ie\u0219irea, \u00eens\u0103 toate s-au soldat cu e\u0219ecuri. La \u00eenceputul lunii aprilie, autorit\u0103\u021bile au decis s\u0103 abandoneze opera\u021biunea, consider\u00e2nd c\u0103 nu exist\u0103 \u0219anse de salvare, ceea ce a generat indignare \u00een r\u00e2ndul popula\u021biei. \u00cen cele din urm\u0103, antreprenorii au primit permisiunea de a dezvolta un nou plan de salvare.<\/p>\n<p>Unii oameni de \u0219tiin\u021b\u0103 \u0219i-au exprimat dezaprobarea fa\u021b\u0103 de decizia de a continua \u00eencerc\u0103rile de salvare, consider\u00e2ndu-le riscante pentru balen\u0103 \u0219i estim\u00e2nd \u0219ansele de succes ca fiind foarte reduse.<\/p>\n<p>Ministrul regional al Mediului, Till Backhaus, a declarat c\u0103 balena se afl\u0103 \u00eentr-o stare adecvat\u0103 pentru transport. \u201eRespira\u021bia ei era profund\u0103, f\u0103r\u0103 sunete anormale, iar inima \u00eei era puternic\u0103\u201d, a explicat oficialul.<\/p>\n<p>Ini\u021biativa de salvare este finan\u021bat\u0103 de antreprenorii Walter Gunz \u0219i Karin Walter-Mommert. Proiectul a fost ini\u021biat dup\u0103 ce autorit\u0103\u021bile au luat \u00een considerare op\u021biunea eutanasierii sau l\u0103s\u0103rii animalului s\u0103 moar\u0103, av\u00e2nd \u00een vedere \u0219ansele sale reduse de supravie\u021buire. Gunz a subliniat: \u201eFaptul c\u0103 \u0219tie c\u0103 este pe barj\u0103 este pur \u0219i simplu minunat \u0219i arat\u0103 c\u0103 lupta pentru Timmy a meritat.\u201d<\/p>\n<p>Timmy a e\u0219uat de cinci ori \u00eenainte de aceast\u0103 opera\u021biune de salvare reu\u0219it\u0103. Exper\u021bii consider\u0103 c\u0103 aceasta reprezint\u0103 o \u00eencercare unic\u0103 \u00een Germania de a salva o balen\u0103 cu cocoa\u0219\u0103 \u00een condi\u021bii extreme. Chiar dac\u0103 re\u00eentoarcerea sa \u00een mare nu este garantat\u0103, oficialii subliniaz\u0103 c\u0103 aceast\u0103 \u00eencercare este esen\u021bial\u0103 pentru a-i oferi o \u0219ans\u0103 la via\u021b\u0103.<\/p>\n<p>Comunitatea \u0219tiin\u021bific\u0103 \u0219i de mediu interna\u021bional\u0103 urm\u0103re\u0219te cu aten\u021bie c\u0103l\u0103toria barjei c\u0103tre Marea Nordului, \u00eentr-o dintre cele mai complexe opera\u021biuni de salvare a faunei marine din ultimii ani.<\/p>\n","protected":false},"excerpt":{"rendered":"<p>Balena cu cocoa\u0219\u0103, cunoscut\u0103 sub numele de \u201eTimmy\u201d \u00een presa german\u0103, a captat aten\u021bia na\u021bional\u0103 dup\u0103 ce a r\u0103mas blocat\u0103 pe un banc de nisip \u00een apropierea ora\u0219ului L\u00fcbeck, Germania, la sf\u00e2r\u0219itul lunii martie. Aceast\u0103 situa\u021bie dramatic\u0103 a fost raportat\u0103 de DW. O opera\u021biune de salvare recent\u0103, sus\u021binut\u0103 financiar de doi antreprenori, implic\u0103 transportarea mamiferului [&hellip;]<\/p>\n","protected":false},"author":2,"featured_media":16608,"comment_status":"open","ping_status":"open","sticky":false,"template":"","format":"standard","meta":{"jnews-multi-image_gallery":[],"jnews_single_post":[],"jnews_primary_category":[],"jnews_override_counter":[],"footnotes":""},"categories":[39],"tags":[488,7391,18906,18905,10434,10300,8351,18904],"class_list":["post-16607","post","type-post","status-publish","format-standard","has-post-thumbnail","hentry","category-stirile-zilei","tag-antreprenori","tag-balena-cu-cocoasa","tag-barja","tag-lubeck","tag-marea-baltica","tag-operatiune","tag-salvare","tag-timmy"],"_links":{"self":[{"href":"https:\/\/www.newsrecorder.ro\/app\/wp-json\/wp\/v2\/posts\/16607","targetHints":{"allow":["GET"]}}],"collection":[{"href":"https:\/\/www.newsrecorder.ro\/app\/wp-json\/wp\/v2\/posts"}],"about":[{"href":"https:\/\/www.newsrecorder.ro\/app\/wp-json\/wp\/v2\/types\/post"}],"author":[{"embeddable":true,"href":"https:\/\/www.newsrecorder.ro\/app\/wp-json\/wp\/v2\/users\/2"}],"replies":[{"embeddable":true,"href":"https:\/\/www.newsrecorder.ro\/app\/wp-json\/wp\/v2\/comments?post=16607"}],"version-history":[{"count":0,"href":"https:\/\/www.newsrecorder.ro\/app\/wp-json\/wp\/v2\/posts\/16607\/revisions"}],"wp:featuredmedia":[{"embeddable":true,"href":"https:\/\/www.newsrecorder.ro\/app\/wp-json\/wp\/v2\/media\/16608"}],"wp:attachment":[{"href":"https:\/\/www.newsrecorder.ro\/app\/wp-json\/wp\/v2\/media?parent=16607"}],"wp:term":[{"taxonomy":"category","embeddable":true,"href":"https:\/\/www.newsrecorder.ro\/app\/wp-json\/wp\/v2\/categories?post=16607"},{"taxonomy":"post_tag","embeddable":true,"href":"https:\/\/www.newsrecorder.ro\/app\/wp-json\/wp\/v2\/tags?post=16607"}],"curies":[{"name":"wp","href":"https:\/\/api.w.org\/{rel}","templated":true}]}}