{"id":16609,"date":"2026-04-29T14:59:58","date_gmt":"2026-04-29T14:59:58","guid":{"rendered":"https:\/\/www.newsrecorder.ro\/app\/2026\/04\/29\/doina-melinte-noua-membra-de-onoare-a-comitetului-olimpic-roman\/"},"modified":"2026-04-29T14:59:58","modified_gmt":"2026-04-29T14:59:58","slug":"doina-melinte-noua-membra-de-onoare-a-comitetului-olimpic-roman","status":"publish","type":"post","link":"https:\/\/www.newsrecorder.ro\/app\/2026\/04\/29\/doina-melinte-noua-membra-de-onoare-a-comitetului-olimpic-roman\/","title":{"rendered":"Doina Melinte, nou\u0103 membr\u0103 de onoare a Comitetului Olimpic Rom\u00e2n!"},"content":{"rendered":"<p>Reprezentan\u021bii Comitetului Olimpic \u0219i Sportiv Rom\u00e2n (COSR) au anun\u021bat cu emo\u021bie distinc\u021bia acordat\u0103 legendarei Doina Melinte, \u00een contextul \u00een care aceasta se preg\u0103te\u0219te s\u0103 \u00eemplineasc\u0103 70 de ani pe 27 decembrie. Conform statutului COSR, la aceast\u0103 v\u00e2rst\u0103, Melinte va \u00eencheia mandatul s\u0103u ca membru al Adun\u0103rii Generale.<\/p>\n<p>Momentul a fost marcat printr-o ceremonie emo\u021bionant\u0103, \u00een care pre\u0219edintele COSR, Mihai Covaliu, \u0219i secretarul general, George Boroi, i-au oferit un buchet de flori, \u00een timp ce cei prezen\u021bi au aplaudat cu entuziasm. \u201eSunt emo\u021bionat\u0103 \u0219i bucuroas\u0103\u201d, a declarat Doina Melinte, eviden\u021biind impactul acestui moment asupra ei.<\/p>\n<p>Fosta campioan\u0103 olimpic\u0103 a rememorat reperele esen\u021biale ale carierei sale, amintind cu m\u00e2ndrie de cele dou\u0103 medalii ob\u021binute la Jocurile Olimpice de la Los Angeles \u00een 1984: aur la 800 metri \u0219i argint la 1.500 metri. \u00cen plus, Melinte se poate l\u0103uda cu dou\u0103 titluri mondiale indoor, c\u00e2\u0219tigate la Indianapolis \u00een 1987 \u0219i la Budapesta \u00een 1989, dar \u0219i cu alte \u0219apte medalii de aur la campionatele europene.<\/p>\n<p>\u201ePot spune c\u0103 am contribuit la dezvoltarea atletismului \u0219i a sportului \u00een Rom\u00e2nia\u201d, a afirmat Melinte. \u201eAm stabilit patru recorduri mondiale \u00een cariera mea, care au rezistat timp de 26 \u0219i 27 de ani.\u201d<\/p>\n<p>Doina Melinte a discutat \u0219i despre cariera sa administrativ\u0103 post-retragere, eviden\u021biind experien\u021ba acumulat\u0103 \u00een cei 16 ani la conducerea Direc\u021biei Jude\u021bene pentru Sport \u0219i Tineret Bac\u0103u. \u00centre 2009 \u0219i 2012, a fost pre\u0219edinta Agen\u021biei Na\u021bionale pentru Sport, iar \u00een urm\u0103torii zece ani a activat \u00een cadrul Agen\u021biei Na\u021bionale Antidoping.<\/p>\n<p>\u00cen mesajul s\u0103u pentru tinerii sportivi, Melinte a subliniat importan\u021ba disciplinei \u0219i sacrificiilor necesare pentru a atinge performan\u021ba. \u201eSocietatea a evoluat din toate punctele de vedere, iar sportivii de ast\u0103zi beneficiaz\u0103 de condi\u021bii diferite fa\u021b\u0103 de cele pe care le-am avut noi. \u00cei \u00eencurajez s\u0103-\u0219i stabileasc\u0103 idealuri \u0219i obiective pentru medalii la campionatele europene, mondiale \u0219i la Jocurile Olimpice. Indiferent de resursele financiare, cheia succesului r\u0103m\u00e2ne aceea\u0219i: o via\u021b\u0103 sportiv\u0103 dedicat\u0103 \u0219i sacrificii constante\u201d, a declarat Doina Melinte.<\/p>\n<p>La Adunarea General\u0103 Ordinar\u0103 a COSR, care a avut loc miercuri, au participat 89 de membri. \u00cen cadrul acestei \u00eent\u00e2lniri au fost prezentate rapoartele de activitate \u0219i financiare pentru anul 2025, planul anual de activitate pentru 2026, precum \u0219i bugetul de venituri \u0219i cheltuieli pentru anul urm\u0103tor.<\/p>\n","protected":false},"excerpt":{"rendered":"<p>Reprezentan\u021bii Comitetului Olimpic \u0219i Sportiv Rom\u00e2n (COSR) au anun\u021bat cu emo\u021bie distinc\u021bia acordat\u0103 legendarei Doina Melinte, \u00een contextul \u00een care aceasta se preg\u0103te\u0219te s\u0103 \u00eemplineasc\u0103 70 de ani pe 27 decembrie. Conform statutului COSR, la aceast\u0103 v\u00e2rst\u0103, Melinte va \u00eencheia mandatul s\u0103u ca membru al Adun\u0103rii Generale. Momentul a fost marcat printr-o ceremonie emo\u021bionant\u0103, \u00een [&hellip;]<\/p>\n","protected":false},"author":6,"featured_media":16610,"comment_status":"open","ping_status":"open","sticky":false,"template":"","format":"standard","meta":{"jnews-multi-image_gallery":[],"jnews_single_post":[],"jnews_primary_category":[],"jnews_override_counter":[],"footnotes":""},"categories":[46],"tags":[18909,18908,12725,950,866,4536,18907,1434],"class_list":["post-16609","post","type-post","status-publish","format-standard","has-post-thumbnail","hentry","category-sport","tag-1500-metri","tag-800-metri","tag-campioana-olimpica","tag-cariera-sportiva","tag-ceremonie","tag-cosr","tag-doina-melinte","tag-medalii-olimpice"],"_links":{"self":[{"href":"https:\/\/www.newsrecorder.ro\/app\/wp-json\/wp\/v2\/posts\/16609","targetHints":{"allow":["GET"]}}],"collection":[{"href":"https:\/\/www.newsrecorder.ro\/app\/wp-json\/wp\/v2\/posts"}],"about":[{"href":"https:\/\/www.newsrecorder.ro\/app\/wp-json\/wp\/v2\/types\/post"}],"author":[{"embeddable":true,"href":"https:\/\/www.newsrecorder.ro\/app\/wp-json\/wp\/v2\/users\/6"}],"replies":[{"embeddable":true,"href":"https:\/\/www.newsrecorder.ro\/app\/wp-json\/wp\/v2\/comments?post=16609"}],"version-history":[{"count":0,"href":"https:\/\/www.newsrecorder.ro\/app\/wp-json\/wp\/v2\/posts\/16609\/revisions"}],"wp:featuredmedia":[{"embeddable":true,"href":"https:\/\/www.newsrecorder.ro\/app\/wp-json\/wp\/v2\/media\/16610"}],"wp:attachment":[{"href":"https:\/\/www.newsrecorder.ro\/app\/wp-json\/wp\/v2\/media?parent=16609"}],"wp:term":[{"taxonomy":"category","embeddable":true,"href":"https:\/\/www.newsrecorder.ro\/app\/wp-json\/wp\/v2\/categories?post=16609"},{"taxonomy":"post_tag","embeddable":true,"href":"https:\/\/www.newsrecorder.ro\/app\/wp-json\/wp\/v2\/tags?post=16609"}],"curies":[{"name":"wp","href":"https:\/\/api.w.org\/{rel}","templated":true}]}}