{"id":16615,"date":"2026-04-29T15:01:16","date_gmt":"2026-04-29T15:01:16","guid":{"rendered":"https:\/\/www.newsrecorder.ro\/app\/2026\/04\/29\/stroe-ccr-demonteaza-populismul-aur-privind-romanii-pe-terenuri\/"},"modified":"2026-04-29T15:01:16","modified_gmt":"2026-04-29T15:01:16","slug":"stroe-ccr-demonteaza-populismul-aur-privind-romanii-pe-terenuri","status":"publish","type":"post","link":"https:\/\/www.newsrecorder.ro\/app\/2026\/04\/29\/stroe-ccr-demonteaza-populismul-aur-privind-romanii-pe-terenuri\/","title":{"rendered":"Stroe: CCR demonteaz\u0103 populismul AUR privind rom\u00e2nii pe terenuri"},"content":{"rendered":"<p>Fostul ministru al Sportului, Ionu\u021b Stroe, a salutat decizia Cur\u021bii Constitu\u021bionale a Rom\u00e2niei (CCR), care a invalidat o lege ce introducea discrimin\u0103ri pe baza cet\u0103\u021beniei \u00een competi\u021biile sportive. \u201eVictorie pentru sport! Populismul extremi\u0219tilor de la AUR a fost demontat!\u201d, a declarat Stroe, subliniind impactul pozitiv al acestei hot\u0103r\u00e2ri.<\/p>\n<p>Cu un vot de 8 la 1, CCR a confirmat c\u0103 propunerea legislativ\u0103 a AUR ar fi avut efecte negative asupra campionatelor rom\u00e2ne\u0219ti, contrar inten\u021biilor declarate de a proteja cluburile locale. \u201eAceast\u0103 ini\u021biativ\u0103 populist\u0103 ar fi sl\u0103bit campionatele \u0219i ar fi afectat cluburile rom\u00e2ne\u0219ti pe care pretindea c\u0103 le sus\u021bine\u201d, a explicat liberalul.<\/p>\n<p>Stroe a reamintit c\u0103 s-a opus vehement acestui proiect, trimi\u021b\u00e2nd un memoriu pre\u0219edintelui municipiului Bucure\u0219ti, Nicu\u0219or Dan, prin care solicita sesizarea CCR. \u201eAm votat \u00eempotriva acestei legi \u00een Parlament \u0219i am solicitat Pre\u0219edintelui Nicu\u0219or Dan s\u0103 ac\u021bioneze. De asemenea, am participat la demersul s\u0103u printr-un memoriu \u2018amicus curiae\u2019 adresat CCR\u201d, a ad\u0103ugat el.<\/p>\n<p>\u00cen opinia sa, politica nu ar trebui s\u0103 influen\u021beze selec\u021bia sportivilor, iar criteriul fundamental \u00een alc\u0103tuirea echipelor trebuie s\u0103 fie valoarea sportiv\u0103. \u201ePoliticul nu are ce c\u0103uta \u00een sport \u0219i \u00een vestiarele echipelor. Echipele se formeaz\u0103 pe baza valorii, printr-o competi\u021bie real\u0103, nu prin reglement\u0103ri populiste impuse de politicieni. Este esen\u021bial s\u0103 avem cluburi \u0219i campionate rom\u00e2ne\u0219ti puternice \u0219i competitive\u201d, a declarat Ionu\u021b Stroe.<\/p>\n<p>El a subliniat c\u0103 dezvoltarea juc\u0103torilor rom\u00e2ni depinde de investi\u021biile \u00een sport, de preg\u0103tirea de calitate \u0219i de sprijinul financiar \u0219i logistic din partea statului, nu de legi formulate superficial. \u201eDecizia CCR asigur\u0103 men\u021binerea Rom\u00e2niei \u00een conformitate cu principiile europene\u201d, a concluzionat fostul ministru al Sportului.<\/p>\n<p>\u201eSportul rom\u00e2nesc r\u0103m\u00e2ne conectat la standardele europene, iar aceast\u0103 hot\u0103r\u00e2re garanteaz\u0103 competi\u021bii deschise, corecte \u0219i f\u0103r\u0103 discrimin\u0103ri pe criterii de cet\u0103\u021benie\u201d, a \u00eencheiat el, reafirm\u00e2nd angajamentul pentru un sport rom\u00e2nesc bazat pe merit \u0219i echitate.<\/p>\n","protected":false},"excerpt":{"rendered":"<p>Fostul ministru al Sportului, Ionu\u021b Stroe, a salutat decizia Cur\u021bii Constitu\u021bionale a Rom\u00e2niei (CCR), care a invalidat o lege ce introducea discrimin\u0103ri pe baza cet\u0103\u021beniei \u00een competi\u021biile sportive. \u201eVictorie pentru sport! Populismul extremi\u0219tilor de la AUR a fost demontat!\u201d, a declarat Stroe, subliniind impactul pozitiv al acestei hot\u0103r\u00e2ri. Cu un vot de 8 la 1, [&hellip;]<\/p>\n","protected":false},"author":6,"featured_media":16616,"comment_status":"open","ping_status":"open","sticky":false,"template":"","format":"standard","meta":{"jnews-multi-image_gallery":[],"jnews_single_post":[],"jnews_primary_category":[],"jnews_override_counter":[],"footnotes":""},"categories":[46],"tags":[1916,18913,18914,2246,2749,18912,5165,850],"class_list":["post-16615","post","type-post","status-publish","format-standard","has-post-thumbnail","hentry","category-sport","tag-aur","tag-campionate-romanesti","tag-cluburi-locale","tag-curtea-constitutionala","tag-discriminare","tag-ionut-stroe","tag-populism","tag-sport"],"_links":{"self":[{"href":"https:\/\/www.newsrecorder.ro\/app\/wp-json\/wp\/v2\/posts\/16615","targetHints":{"allow":["GET"]}}],"collection":[{"href":"https:\/\/www.newsrecorder.ro\/app\/wp-json\/wp\/v2\/posts"}],"about":[{"href":"https:\/\/www.newsrecorder.ro\/app\/wp-json\/wp\/v2\/types\/post"}],"author":[{"embeddable":true,"href":"https:\/\/www.newsrecorder.ro\/app\/wp-json\/wp\/v2\/users\/6"}],"replies":[{"embeddable":true,"href":"https:\/\/www.newsrecorder.ro\/app\/wp-json\/wp\/v2\/comments?post=16615"}],"version-history":[{"count":0,"href":"https:\/\/www.newsrecorder.ro\/app\/wp-json\/wp\/v2\/posts\/16615\/revisions"}],"wp:featuredmedia":[{"embeddable":true,"href":"https:\/\/www.newsrecorder.ro\/app\/wp-json\/wp\/v2\/media\/16616"}],"wp:attachment":[{"href":"https:\/\/www.newsrecorder.ro\/app\/wp-json\/wp\/v2\/media?parent=16615"}],"wp:term":[{"taxonomy":"category","embeddable":true,"href":"https:\/\/www.newsrecorder.ro\/app\/wp-json\/wp\/v2\/categories?post=16615"},{"taxonomy":"post_tag","embeddable":true,"href":"https:\/\/www.newsrecorder.ro\/app\/wp-json\/wp\/v2\/tags?post=16615"}],"curies":[{"name":"wp","href":"https:\/\/api.w.org\/{rel}","templated":true}]}}