{"id":16619,"date":"2026-04-29T15:02:00","date_gmt":"2026-04-29T15:02:00","guid":{"rendered":"https:\/\/www.newsrecorder.ro\/app\/2026\/04\/29\/ucraina-solicita-israelului-confiscarea-unei-nave-de-contrabanda-cu-cereale-furate\/"},"modified":"2026-04-29T15:02:00","modified_gmt":"2026-04-29T15:02:00","slug":"ucraina-solicita-israelului-confiscarea-unei-nave-de-contrabanda-cu-cereale-furate","status":"publish","type":"post","link":"https:\/\/www.newsrecorder.ro\/app\/2026\/04\/29\/ucraina-solicita-israelului-confiscarea-unei-nave-de-contrabanda-cu-cereale-furate\/","title":{"rendered":"Ucraina solicit\u0103 Israelului confiscarea unei nave de contraband\u0103 cu cereale furate"},"content":{"rendered":"<p>Andrii Sybiha, ministrul ucrainean de externe, a declarat recent c\u0103 o nav\u0103 suspectat\u0103 c\u0103 transport\u0103 marf\u0103 ilegal\u0103 se \u00eendreapt\u0103 spre portul Haifa. Aceasta ar transporta cereale \u00eenc\u0103rcate dintr-un port \u00eenchis situat \u00een teritoriile ocupate, ceea ce constituie o \u00eenc\u0103lcare a normelor de drept interna\u021bional, conform informa\u021biilor furnizate de <a style=\"color: #0000ff\" href=\"https:\/\/www.politico.eu\/article\/kyiv-wants-israel-to-arrest-cargo-ship-allegedly-smuggling-grain-from-occupied-part-of-ukraine\/\">Politico<\/a>.<\/p>\n<p>\u201eNava este suspectat\u0103 c\u0103 transport\u0103 cereale care au fost \u00eenc\u0103rcate ilegal dintr-un port \u00eenchis din teritoriul temporar ocupat al Ucrainei, \u00eenc\u0103lc\u00e2nd at\u00e2t dreptul interna\u021bional, c\u00e2t \u0219i legisla\u021bia ucrainean\u0103\u201d, a subliniat Sybiha \u00eentr-un mesaj postat pe platforma X.<\/p>\n<p>Ministrul ucrainean a criticat, de asemenea, lipsa de ac\u021biune a autorit\u0103\u021bilor israeliene, solicit\u00e2nd o abordare serioas\u0103 a cererii de asisten\u021b\u0103. \u00cen replic\u0103, ministrul de externe israelian, Gideon Sa&#8217;ar, a afirmat c\u0103 astfel de probleme ar trebui s\u0103 fie tratate prin canale diplomatice formale. Sybiha a r\u0103spuns: \u201eAceasta nu este o chestiune de diplomatie pe Twitter, ci o cerere clar\u0103, juridic\u0103 \u0219i diplomatic\u0103 pentru asisten\u021b\u0103 judiciar\u0103 interna\u021bional\u0103, care necesit\u0103 un r\u0103spuns. Ne a\u0219tept\u0103m ca partea israelian\u0103 s\u0103 o trateze cu seriozitate, \u00een loc s\u0103 r\u0103spund\u0103 cu declara\u021bii emo\u021bionale.\u201d<\/p>\n<p>\u00cen ceea ce prive\u0219te situa\u021bia, procurorul general al Ucrainei, Ruslan Kravchenko, a f\u0103cut apel la partenerii israelieni s\u0103 confiste nava \u0219i \u00eenc\u0103rc\u0103tura, s\u0103 efectueze o perchezi\u021bie, s\u0103 confiste documentele navei \u0219i ale \u00eenc\u0103rc\u0103turii, s\u0103 preleveze mostre de cereale \u0219i s\u0103 interogheze membrii echipajului.<\/p>\n<p>Conform declara\u021biilor procurorului ucrainean, Rusia ar fi sustras \u0219i profitat de peste 1,7 milioane de tone de produse agricole provenite din teritoriile ocupate, cu o valoare total\u0103 estimat\u0103 de peste 380 de milioane de euro.<\/p>\n","protected":false},"excerpt":{"rendered":"<p>Andrii Sybiha, ministrul ucrainean de externe, a declarat recent c\u0103 o nav\u0103 suspectat\u0103 c\u0103 transport\u0103 marf\u0103 ilegal\u0103 se \u00eendreapt\u0103 spre portul Haifa. Aceasta ar transporta cereale \u00eenc\u0103rcate dintr-un port \u00eenchis situat \u00een teritoriile ocupate, ceea ce constituie o \u00eenc\u0103lcare a normelor de drept interna\u021bional, conform informa\u021biilor furnizate de Politico. \u201eNava este suspectat\u0103 c\u0103 transport\u0103 cereale [&hellip;]<\/p>\n","protected":false},"author":2,"featured_media":16620,"comment_status":"open","ping_status":"open","sticky":false,"template":"","format":"standard","meta":{"jnews-multi-image_gallery":[],"jnews_single_post":[],"jnews_primary_category":[],"jnews_override_counter":[],"footnotes":""},"categories":[41],"tags":[14496,18539,7471,15090,18917,18918,18919,682],"class_list":["post-16619","post","type-post","status-publish","format-standard","has-post-thumbnail","hentry","category-externe","tag-asistenta-diplomatica","tag-cereale","tag-drept-international","tag-haifa","tag-marfa-ilegala","tag-port-inchis","tag-terenuri-ocupate","tag-ucraina"],"_links":{"self":[{"href":"https:\/\/www.newsrecorder.ro\/app\/wp-json\/wp\/v2\/posts\/16619","targetHints":{"allow":["GET"]}}],"collection":[{"href":"https:\/\/www.newsrecorder.ro\/app\/wp-json\/wp\/v2\/posts"}],"about":[{"href":"https:\/\/www.newsrecorder.ro\/app\/wp-json\/wp\/v2\/types\/post"}],"author":[{"embeddable":true,"href":"https:\/\/www.newsrecorder.ro\/app\/wp-json\/wp\/v2\/users\/2"}],"replies":[{"embeddable":true,"href":"https:\/\/www.newsrecorder.ro\/app\/wp-json\/wp\/v2\/comments?post=16619"}],"version-history":[{"count":0,"href":"https:\/\/www.newsrecorder.ro\/app\/wp-json\/wp\/v2\/posts\/16619\/revisions"}],"wp:featuredmedia":[{"embeddable":true,"href":"https:\/\/www.newsrecorder.ro\/app\/wp-json\/wp\/v2\/media\/16620"}],"wp:attachment":[{"href":"https:\/\/www.newsrecorder.ro\/app\/wp-json\/wp\/v2\/media?parent=16619"}],"wp:term":[{"taxonomy":"category","embeddable":true,"href":"https:\/\/www.newsrecorder.ro\/app\/wp-json\/wp\/v2\/categories?post=16619"},{"taxonomy":"post_tag","embeddable":true,"href":"https:\/\/www.newsrecorder.ro\/app\/wp-json\/wp\/v2\/tags?post=16619"}],"curies":[{"name":"wp","href":"https:\/\/api.w.org\/{rel}","templated":true}]}}