{"id":16621,"date":"2026-04-29T15:02:55","date_gmt":"2026-04-29T15:02:55","guid":{"rendered":"https:\/\/www.newsrecorder.ro\/app\/2026\/04\/29\/noua-generatie-de-spanioli-mai-putin-toleranti-cu-romanii-afla-de-ce\/"},"modified":"2026-04-29T15:02:55","modified_gmt":"2026-04-29T15:02:55","slug":"noua-generatie-de-spanioli-mai-putin-toleranti-cu-romanii-afla-de-ce","status":"publish","type":"post","link":"https:\/\/www.newsrecorder.ro\/app\/2026\/04\/29\/noua-generatie-de-spanioli-mai-putin-toleranti-cu-romanii-afla-de-ce\/","title":{"rendered":"Noua genera\u021bie de spanioli: mai pu\u021bin toleran\u021bi cu rom\u00e2nii? Afl\u0103 de ce!"},"content":{"rendered":"<p>Un num\u0103r alarmant de 68% dintre tinerii din Spania afirm\u0103 c\u0103 sunt nemul\u021bumi\u021bi de modul \u00een care func\u021bioneaz\u0103 democra\u021bia. Aceasta este una dintre principalele constat\u0103ri ale raportului intitulat <strong>\u201eTinerii spanioli 2026\u201d, elaborat de Funda\u021bia SM<\/strong>, care a fost prezentat mar\u021bi. Raportul subliniaz\u0103 o \u201edeplasare c\u0103tre valori mai individualiste \u0219i hedoniste\u201d, \u00eenso\u021bit\u0103 de o \u201esc\u0103dere semnificativ\u0103 a valorilor idealiste\u201d, cum ar fi angajamentul fa\u021b\u0103 de mediu, egalitatea social\u0103 \u0219i de gen, conform sursei <a href=\"https:\/\/www.20minutos.es\/nacional\/casi-70-juventud-espanola-no-esta-satisfecha-con-democracia-mas-mitad-cree-que-hace-falta-mano-dura_6963681_0.html\" target=\"_blank\" rel=\"noopener\">20minutos<\/a>.<\/p>\n<p>Realizat \u00een prim\u0103vara anului trecut, studiul s-a bazat pe aproape 1.700 de interviuri cu tineri cu v\u00e2rste cuprinse \u00eentre 15 \u0219i 29 de ani. Printre descoperirile semnificative se num\u0103r\u0103 cre\u0219terea spiritualit\u0103\u021bii \u00een r\u00e2ndul tinerilor: 38% dintre ace\u0219tia consider\u0103 c\u0103 religia este important\u0103 sau foarte important\u0103, un nivel care nu a mai fost atins din 1984. Procentul tinerilor care se identific\u0103 drept catolici, inclusiv cei ne-practican\u021bi, va cre\u0219te de la 31,6% \u00een 2020 la 45% \u00een 2025.<\/p>\n<p>Cu toate acestea, revenirea la religie nu \u00eenseamn\u0103 o \u00eentoarcere la normele tradi\u021bionale. Raportul men\u021bioneaz\u0103 c\u0103 <strong>\u201eidentit\u0103\u021bile religioase devin mai flexibile, combin\u00e2nd elemente din diverse tradi\u021bii spirituale\u201d<\/strong>. De exemplu, printre tinerii care se identific\u0103 ca <strong>catolici practican\u021bi, 60,7% cred \u00een karma, 48,5% \u00een re\u00eencarnare, 44,1% \u00een arte magice, 37,1% \u00een prezicerea viitorului \u0219i 40,3% \u00een energii vindec\u0103toare<\/strong>.<\/p>\n<p>Juan Mar\u00eda Gonz\u00e1lez-Anleo, unul dintre autorii raportului, subliniaz\u0103 c\u0103 religia \u201ea fost \u00een continu\u0103 sc\u0103dere de la \u00eenceputul studiului \u00een 1984\u201d, iar acum \u201epentru prima dat\u0103 exist\u0103 o revenire\u201d. El explic\u0103 faptul c\u0103 tinerii nu caut\u0103 credin\u021ba doar \u00een momente dificile, ci \u0219i \u00een decizii importante sau \u00een momente de bucurie \u0219i distrac\u021bie, utiliz\u00e2nd religia \u00eentr-un mod \u201einstrumental\u201d.<\/p>\n<p>Un alt aspect \u00eengrijor\u0103tor este \u201ene\u00eencrederea fa\u021b\u0103 de politic\u0103\u201d, care a dus la o \u201esl\u0103bire a sprijinului pentru democra\u021bie\u201d. Raportul arat\u0103 c\u0103 68% dintre tineri au exprimat pu\u021bin\u0103 sau nicio satisfac\u021bie fa\u021b\u0103 de modul \u00een care democra\u021bia func\u021bioneaz\u0103. Aceste cifre sunt departe de 87-82% dintre tinerii \u00eentre 18 \u0219i 34 de ani, care, conform datelor CIS, consider\u0103 c\u0103 \u201edemocra\u021bia poate avea probleme, dar este \u00eentotdeauna preferabil\u0103 oric\u0103rei alte forme de guvernare\u201d.<\/p>\n<p>Gonz\u00e1lez-Anleo subliniaz\u0103 c\u0103 55,8% dintre responden\u021bi sunt de acord cu afirma\u021bia c\u0103 \u201euneori este nevoie de m\u0103suri dure, chiar dac\u0103 se sacrific\u0103 libert\u0103\u021bi\u201d, iar 73,8% cred c\u0103 \u201eto\u021bi politicienii sunt la fel\u201d. <strong>Raportul sugereaz\u0103 c\u0103 \u201enemul\u021bumirea generalizat\u0103 fa\u021b\u0103 de clasa politic\u0103 \u00eent\u0103re\u0219te sprijinul pentru solu\u021bii tehnocratice\u201d<\/strong>, cu 75% dintre tineri consider\u00e2nd c\u0103 \u201edemocra\u021bia ar func\u021biona mai bine cu mai mul\u021bi exper\u021bi ale\u0219i pe criterii de merit \u0219i mai pu\u021bini politicieni ale\u0219i prin vot\u201d.<\/p>\n<p>Se observ\u0103, de asemenea, o tendin\u021b\u0103 \u00een cre\u0219tere a ideii c\u0103 \u201euneori este nevoie de m\u0103suri dure\u201d \u00een r\u00e2ndul tinerilor care se identific\u0103 cu extrema dreapt\u0103. Studiul indic\u0103 o sc\u0103dere a celor care se consider\u0103 de st\u00e2nga sau centru-st\u00e2nga \u0219i o cre\u0219tere a celor care se definesc ca centru-dreapta sau dreapta. Totu\u0219i, nivelul de polarizare politic\u0103 nu este ridicat, 23% dintre responden\u021bi afirm\u00e2nd c\u0103 ar pierde prieteni din cauza pozi\u021biilor politice, iar 26% recunosc c\u0103 nu le-ar pl\u0103cea ca o persoan\u0103 apropiat\u0103 s\u0103 se \u00een\u021beleag\u0103 cu cei cu opinii diferite.<\/p>\n<p>\u00cen ceea ce prive\u0219te nemul\u021bumirea fa\u021b\u0103 de democra\u021bie, Gonz\u00e1lez-Anleo observ\u0103 c\u0103 \u201emarii dictatori apar adesea dintr-o mare nemul\u021bumire fa\u021b\u0103 de sistemul democratic\u201d. El adaug\u0103 c\u0103 tinerii nu cunosc alte op\u021biuni \u0219i c\u0103 idealizeaz\u0103 dictatura din cauza lipsei de experien\u021b\u0103. \u201eDemocra\u021biile nu reu\u0219esc s\u0103 reac\u021bioneze rapid \u0219i eficient la problemele majore, iar tinerii \u00ee\u0219i formeaz\u0103 opiniile politice din re\u021belele sociale, care sunt mai degrab\u0103 surse de manipulare dec\u00e2t de informare\u201d, afirm\u0103 el.<\/p>\n<p>Raportul analizeaz\u0103 \u0219i atitudinea tinerilor spanioli fa\u021b\u0103 de imigra\u021bie. Compar\u00e2nd sondajele din 2005, 2020 \u0219i 2025, se observ\u0103 o cre\u0219tere a pozi\u021biilor asimila\u021bioniste; procentul celor care consider\u0103 c\u0103 imigran\u021bii trebuie s\u0103 se adapteze culturii spaniole a crescut de la 47% \u00een 2020 la 72% \u00een 2025. \u00cen contrast, procentul celor care cred c\u0103 toate obiceiurile imigran\u021bilor trebuie respectate, cu excep\u021bia celor contrare Constitu\u021biei, a sc\u0103zut de la 31% la 26%.<\/p>\n<p>Percep\u021biile despre pia\u021ba muncii s-au \u00eembun\u0103t\u0103\u021bit semnificativ, cu 43% dintre responden\u021bi consider\u00e2nd c\u0103 imigran\u021bii \u201eiau locurile de munc\u0103\u201d, o sc\u0103dere de la 78% \u00een 2005. Totu\u0219i, ideile precum \u201esunt prea mul\u021bi imigran\u021bi\u201d (65% acord) \u0219i \u201ea crescut criminalitatea\u201d (61,7%) r\u0103m\u00e2n constante, la niveluri similare cu cele din 2005. \u00cen plus, percep\u021bia c\u0103 se acord\u0103 prea multe facilit\u0103\u021bi imigra\u021biei a crescut de la 30% \u00een 2020 la 59% \u00een 2025.<\/p>\n<p>Ariana P\u00e9rez, coautorea raportului, sus\u021bine c\u0103 \u201eun discurs care interpreteaz\u0103 migra\u021bia ca pe o amenin\u021bare la adresa identit\u0103\u021bii culturale spaniole se consolideaz\u0103 \u00een r\u00e2ndul tinerilor\u201d, ad\u0103ug\u00e2nd c\u0103 ei consider\u0103 c\u0103 \u201epentru a se integra \u00een Spania, imigran\u021bii trebuie s\u0103 renun\u021be la \u00eentregul lor bagaj cultural de origine\u201d.<\/p>\n<p>Raportul mai eviden\u021biaz\u0103 o cre\u0219tere a stereotipurilor de gen, \u00eentre 2021 \u0219i 2025, cu o \u00eent\u0103rire a credin\u021belor tradi\u021bionale privind rolurile de gen. Printre aceste constat\u0103ri, 66% dintre responden\u021bi cred c\u0103 unele femei caut\u0103 privilegii \u00een numele egalit\u0103\u021bii, 60% consider\u0103 c\u0103 \u00ee\u0219i folosesc atractivitatea pentru a manipula b\u0103rba\u021bii, iar 54% afirm\u0103 c\u0103 exagereaz\u0103 sexismul \u00een comentarii inocente.<\/p>\n<p>P\u00e9rez atrage aten\u021bia asupra \u201ene\u00eencrederii fa\u021b\u0103 de mi\u0219carea feminist\u0103\u201d care se consolideaz\u0103 \u00een r\u00e2ndul tineretului spaniol, subliniind c\u0103 aproape jum\u0103tate dintre responden\u021bi consider\u0103 c\u0103 \u201enimeni nu \u0219tie mai bine dec\u00e2t femeile cum s\u0103 \u00ee\u0219i creasc\u0103 copiii\u201d, iar 42% cred c\u0103 b\u0103rba\u021bii \u0219i femeile ar trebui s\u0103 controleze cu cine se \u00eent\u00e2lnesc partenerii lor. De asemenea, 35% sunt de acord cu afirma\u021bia c\u0103 \u201epentru ca o familie s\u0103 func\u021bioneze, este necesar ca femeile s\u0103 se ocupe de sarcinile de \u00eengrijire\u201d.<\/p>\n","protected":false},"excerpt":{"rendered":"<p>Un num\u0103r alarmant de 68% dintre tinerii din Spania afirm\u0103 c\u0103 sunt nemul\u021bumi\u021bi de modul \u00een care func\u021bioneaz\u0103 democra\u021bia. Aceasta este una dintre principalele constat\u0103ri ale raportului intitulat \u201eTinerii spanioli 2026\u201d, elaborat de Funda\u021bia SM, care a fost prezentat mar\u021bi. Raportul subliniaz\u0103 o \u201edeplasare c\u0103tre valori mai individualiste \u0219i hedoniste\u201d, \u00eenso\u021bit\u0103 de o \u201esc\u0103dere semnificativ\u0103 [&hellip;]<\/p>\n","protected":false},"author":2,"featured_media":16622,"comment_status":"open","ping_status":"open","sticky":false,"template":"","format":"standard","meta":{"jnews-multi-image_gallery":[],"jnews_single_post":[],"jnews_primary_category":[],"jnews_override_counter":[],"footnotes":""},"categories":[41],"tags":[288,5734,2101,8081,703,180,2162,4332],"class_list":["post-16621","post","type-post","status-publish","format-standard","has-post-thumbnail","hentry","category-externe","tag-democratie","tag-egalitate","tag-raport","tag-religie","tag-spania","tag-spiritualitate","tag-tineri","tag-valori"],"_links":{"self":[{"href":"https:\/\/www.newsrecorder.ro\/app\/wp-json\/wp\/v2\/posts\/16621","targetHints":{"allow":["GET"]}}],"collection":[{"href":"https:\/\/www.newsrecorder.ro\/app\/wp-json\/wp\/v2\/posts"}],"about":[{"href":"https:\/\/www.newsrecorder.ro\/app\/wp-json\/wp\/v2\/types\/post"}],"author":[{"embeddable":true,"href":"https:\/\/www.newsrecorder.ro\/app\/wp-json\/wp\/v2\/users\/2"}],"replies":[{"embeddable":true,"href":"https:\/\/www.newsrecorder.ro\/app\/wp-json\/wp\/v2\/comments?post=16621"}],"version-history":[{"count":0,"href":"https:\/\/www.newsrecorder.ro\/app\/wp-json\/wp\/v2\/posts\/16621\/revisions"}],"wp:featuredmedia":[{"embeddable":true,"href":"https:\/\/www.newsrecorder.ro\/app\/wp-json\/wp\/v2\/media\/16622"}],"wp:attachment":[{"href":"https:\/\/www.newsrecorder.ro\/app\/wp-json\/wp\/v2\/media?parent=16621"}],"wp:term":[{"taxonomy":"category","embeddable":true,"href":"https:\/\/www.newsrecorder.ro\/app\/wp-json\/wp\/v2\/categories?post=16621"},{"taxonomy":"post_tag","embeddable":true,"href":"https:\/\/www.newsrecorder.ro\/app\/wp-json\/wp\/v2\/tags?post=16621"}],"curies":[{"name":"wp","href":"https:\/\/api.w.org\/{rel}","templated":true}]}}