{"id":16625,"date":"2026-04-29T15:03:52","date_gmt":"2026-04-29T15:03:52","guid":{"rendered":"https:\/\/www.newsrecorder.ro\/app\/2026\/04\/29\/curtea-suprema-din-slovacia-confirma-pedeapsa-pentru-atacatorul-premierului-fico\/"},"modified":"2026-04-29T15:03:52","modified_gmt":"2026-04-29T15:03:52","slug":"curtea-suprema-din-slovacia-confirma-pedeapsa-pentru-atacatorul-premierului-fico","status":"publish","type":"post","link":"https:\/\/www.newsrecorder.ro\/app\/2026\/04\/29\/curtea-suprema-din-slovacia-confirma-pedeapsa-pentru-atacatorul-premierului-fico\/","title":{"rendered":"Curtea Suprem\u0103 din Slovacia confirm\u0103 pedeapsa pentru atacatorul premierului Fico"},"content":{"rendered":"<p>Curtea Suprem\u0103 a Slovaciei a confirmat, miercuri, verdictul unei instan\u021be inferioare, prin care un b\u0103rbat a fost condamnat la 21 de ani de \u00eenchisoare pentru un atac terorist \u0219i tentativ\u0103 de asasinat asupra premierului populist Robert Fico, conform informa\u021biilor furnizate de <a href=\"https:\/\/newsroom.ap.org\/detail\/SlovakSupremeCourtupholds21-yearsentenceformanwhotriedtoassassinateprimeministerFico\/89a07bef7c37c5c862dae743259fc9ba\/text?vs=false&amp;currentItemNo=9&amp;startingItemNo=0\" target=\"_blank\" rel=\"noopener\">AP News<\/a>.<\/p>\n<p>Incidentul s-a petrecut \u00een urm\u0103 cu aproape doi ani, c\u00e2nd Juraj Cintula, \u00een v\u00e2rst\u0103 de 73 de ani, a deschis focul asupra lui Fico pe 15 mai, \u00een timpul unei \u00eent\u00e2lniri cu sus\u021bin\u0103torii s\u0103i, dup\u0103 o \u0219edin\u021b\u0103 guvernamental\u0103 desf\u0103\u0219urat\u0103 \u00een ora\u0219ul Handlov\u00e1, situat la aproximativ 140 de kilometri nord-est de capitala Bratislava.<\/p>\n<p>Atacul a fost motivat de dezacordurile politice ale atacatorului. Cintula a fost re\u021binut la scurt timp dup\u0103 incident \u0219i a declarat c\u0103 ac\u021biunea sa a fost determinat\u0103 de nemul\u021bumirea fa\u021b\u0103 de politicile guvernamentale. Cu toate acestea, el a negat acuza\u021bia de terorism, afirm\u00e2nd c\u0103 inten\u021bia sa nu era s\u0103-l omoare pe Fico, ci doar s\u0103-i fac\u0103 r\u0103u. Premierul a fost lovit \u00een abdomen \u0219i a fost transportat de urgen\u021b\u0103 la un spital din apropierea ora\u0219ului Bansk\u00e1 Bystrica, unde a suferit o interven\u021bie chirurgical\u0103 de cinci ore, urmat\u0103 de o alt\u0103 opera\u021bie de dou\u0103 ore, la dou\u0103 zile dup\u0103 atac.<\/p>\n<p>Cintula a fost condamnat pe 21 octombrie, dar a contestat sentin\u021ba. Totu\u0219i, decizia Cur\u021bii Supreme de miercuri este definitiv\u0103, pun\u00e2nd cap\u0103t oric\u0103ror speran\u021be de revizuire a pedepsei sale.<\/p>\n","protected":false},"excerpt":{"rendered":"<p>Curtea Suprem\u0103 a Slovaciei a confirmat, miercuri, verdictul unei instan\u021be inferioare, prin care un b\u0103rbat a fost condamnat la 21 de ani de \u00eenchisoare pentru un atac terorist \u0219i tentativ\u0103 de asasinat asupra premierului populist Robert Fico, conform informa\u021biilor furnizate de AP News. Incidentul s-a petrecut \u00een urm\u0103 cu aproape doi ani, c\u00e2nd Juraj Cintula, [&hellip;]<\/p>\n","protected":false},"author":2,"featured_media":16626,"comment_status":"open","ping_status":"open","sticky":false,"template":"","format":"standard","meta":{"jnews-multi-image_gallery":[],"jnews_single_post":[],"jnews_primary_category":[],"jnews_override_counter":[],"footnotes":""},"categories":[41],"tags":[2188,1732,18925,1355,1319,269,2080,2081],"class_list":["post-16625","post","type-post","status-publish","format-standard","has-post-thumbnail","hentry","category-externe","tag-atac-terorist","tag-condamnare","tag-handlova","tag-incident","tag-justitie","tag-politica","tag-robert-fico","tag-slovacia"],"_links":{"self":[{"href":"https:\/\/www.newsrecorder.ro\/app\/wp-json\/wp\/v2\/posts\/16625","targetHints":{"allow":["GET"]}}],"collection":[{"href":"https:\/\/www.newsrecorder.ro\/app\/wp-json\/wp\/v2\/posts"}],"about":[{"href":"https:\/\/www.newsrecorder.ro\/app\/wp-json\/wp\/v2\/types\/post"}],"author":[{"embeddable":true,"href":"https:\/\/www.newsrecorder.ro\/app\/wp-json\/wp\/v2\/users\/2"}],"replies":[{"embeddable":true,"href":"https:\/\/www.newsrecorder.ro\/app\/wp-json\/wp\/v2\/comments?post=16625"}],"version-history":[{"count":0,"href":"https:\/\/www.newsrecorder.ro\/app\/wp-json\/wp\/v2\/posts\/16625\/revisions"}],"wp:featuredmedia":[{"embeddable":true,"href":"https:\/\/www.newsrecorder.ro\/app\/wp-json\/wp\/v2\/media\/16626"}],"wp:attachment":[{"href":"https:\/\/www.newsrecorder.ro\/app\/wp-json\/wp\/v2\/media?parent=16625"}],"wp:term":[{"taxonomy":"category","embeddable":true,"href":"https:\/\/www.newsrecorder.ro\/app\/wp-json\/wp\/v2\/categories?post=16625"},{"taxonomy":"post_tag","embeddable":true,"href":"https:\/\/www.newsrecorder.ro\/app\/wp-json\/wp\/v2\/tags?post=16625"}],"curies":[{"name":"wp","href":"https:\/\/api.w.org\/{rel}","templated":true}]}}