{"id":16627,"date":"2026-04-29T15:04:10","date_gmt":"2026-04-29T15:04:10","guid":{"rendered":"https:\/\/www.newsrecorder.ro\/app\/2026\/04\/29\/conflictul-politic-romanesc-ajunge-in-parlamentul-european-acuzatii-dure\/"},"modified":"2026-04-29T15:04:10","modified_gmt":"2026-04-29T15:04:10","slug":"conflictul-politic-romanesc-ajunge-in-parlamentul-european-acuzatii-dure","status":"publish","type":"post","link":"https:\/\/www.newsrecorder.ro\/app\/2026\/04\/29\/conflictul-politic-romanesc-ajunge-in-parlamentul-european-acuzatii-dure\/","title":{"rendered":"Conflictul politic rom\u00e2nesc ajunge \u00een Parlamentul European: acuza\u021bii dure!"},"content":{"rendered":"<p>\u00cen cadrul unei sesiuni recente a Parlamentului European, europarlamentarul social-democrat Dan Nica a lansat critici la adresa lui Manfred Weber, cu referire la mo\u021biunea de cenzur\u0103 \u00een curs de desf\u0103\u0219urare \u00een Rom\u00e2nia. Nica a subliniat c\u0103 aceast\u0103 mo\u021biune \u00eel vizeaz\u0103 pe prim-ministrul Ilie Bolojan, care, \u00een ciuda pierderii sprijinului politic, refuz\u0103 s\u0103 \u00ee\u0219i dea demisia.<\/p>\n<p>Dan Nica a caracterizat situa\u021bia actual\u0103 drept una neobi\u0219nuit\u0103 pentru standardele europene, subliniind c\u0103, \u00een mod normal, astfel de circumstan\u021be ar conduce la demisia liderului executiv. \u201eDomnule Weber, \u00een Rom\u00e2nia, mo\u021biunea de cenzur\u0103 \u00eel vizeaz\u0103 pe prim-ministrul Ilie Bolojan, care s-a legat cu lan\u021bul de caloriferul din Palatul Victoria \u0219i refuz\u0103 s\u0103 plece, de\u0219i i s-a retras sprijinul politic \u2014 un lucru care, \u00een orice alt\u0103 \u021bar\u0103 european\u0103, s-ar fi soldat cu o demisie\u201d, a declarat Nica.<\/p>\n<p>El a continuat s\u0103 explice motivele pentru care Bolojan se afl\u0103 \u00een aceast\u0103 situa\u021bie, invoc\u00e2nd politicile de austeritate promovate de acesta, care au dus la s\u0103r\u0103cirea a milioane de rom\u00e2ni, la cre\u0219terea \u0219omajului \u0219i la o economie supus\u0103 unor presiuni severe. \u201eNoi, ca Partid Social Democrat, alegem s\u0103 reprezent\u0103m vocea celor 80% dintre rom\u00e2ni care consider\u0103 c\u0103 aceast\u0103 politic\u0103 trebuie s\u0103 se \u00eencheie. Decizia noastr\u0103 este clar\u0103: sus\u021binem o coali\u021bie proeuropean\u0103 sau ne vom opune. Domnule Weber, dumneavoastr\u0103 a\u021bi ales s\u0103 sus\u021bine\u021bi doar 20% dintre cet\u0103\u021beni. Cred c\u0103 gre\u0219i\u021bi\u201d, a ad\u0103ugat el.<\/p>\n<p>\u00cenainte ca Dan Nica s\u0103 ia cuv\u00e2ntul, Manfred Weber a sus\u021binut un discurs \u00een care a discutat despre ini\u021biativa PSD-AUR referitoare la guvernul pro-european din Rom\u00e2nia. Liderul Partidului Popular European a adresat o \u00eentrebare Iratxei Perez Garcia, \u0219efa grupului S&amp;D, vizavi de modul \u00een care s-a ajuns \u00een aceast\u0103 situa\u021bie complicat\u0103.<\/p>\n","protected":false},"excerpt":{"rendered":"<p>\u00cen cadrul unei sesiuni recente a Parlamentului European, europarlamentarul social-democrat Dan Nica a lansat critici la adresa lui Manfred Weber, cu referire la mo\u021biunea de cenzur\u0103 \u00een curs de desf\u0103\u0219urare \u00een Rom\u00e2nia. Nica a subliniat c\u0103 aceast\u0103 mo\u021biune \u00eel vizeaz\u0103 pe prim-ministrul Ilie Bolojan, care, \u00een ciuda pierderii sprijinului politic, refuz\u0103 s\u0103 \u00ee\u0219i dea demisia. [&hellip;]<\/p>\n","protected":false},"author":2,"featured_media":16628,"comment_status":"open","ping_status":"open","sticky":false,"template":"","format":"standard","meta":{"jnews-multi-image_gallery":[],"jnews_single_post":[],"jnews_primary_category":[],"jnews_override_counter":[],"footnotes":""},"categories":[41],"tags":[18926,2079,302,16558,12212,634,18927,3590],"class_list":["post-16627","post","type-post","status-publish","format-standard","has-post-thumbnail","hentry","category-externe","tag-dan-nica","tag-demisie","tag-ilie-bolojan","tag-manfred-weber","tag-motiune-de-cenzura","tag-parlamentul-european","tag-situatie-neobisnuita","tag-sprijin-politic"],"_links":{"self":[{"href":"https:\/\/www.newsrecorder.ro\/app\/wp-json\/wp\/v2\/posts\/16627","targetHints":{"allow":["GET"]}}],"collection":[{"href":"https:\/\/www.newsrecorder.ro\/app\/wp-json\/wp\/v2\/posts"}],"about":[{"href":"https:\/\/www.newsrecorder.ro\/app\/wp-json\/wp\/v2\/types\/post"}],"author":[{"embeddable":true,"href":"https:\/\/www.newsrecorder.ro\/app\/wp-json\/wp\/v2\/users\/2"}],"replies":[{"embeddable":true,"href":"https:\/\/www.newsrecorder.ro\/app\/wp-json\/wp\/v2\/comments?post=16627"}],"version-history":[{"count":0,"href":"https:\/\/www.newsrecorder.ro\/app\/wp-json\/wp\/v2\/posts\/16627\/revisions"}],"wp:featuredmedia":[{"embeddable":true,"href":"https:\/\/www.newsrecorder.ro\/app\/wp-json\/wp\/v2\/media\/16628"}],"wp:attachment":[{"href":"https:\/\/www.newsrecorder.ro\/app\/wp-json\/wp\/v2\/media?parent=16627"}],"wp:term":[{"taxonomy":"category","embeddable":true,"href":"https:\/\/www.newsrecorder.ro\/app\/wp-json\/wp\/v2\/categories?post=16627"},{"taxonomy":"post_tag","embeddable":true,"href":"https:\/\/www.newsrecorder.ro\/app\/wp-json\/wp\/v2\/tags?post=16627"}],"curies":[{"name":"wp","href":"https:\/\/api.w.org\/{rel}","templated":true}]}}