{"id":1663,"date":"2026-02-04T12:07:26","date_gmt":"2026-02-04T12:07:26","guid":{"rendered":"https:\/\/www.newsrecorder.ro\/app\/2026\/02\/04\/protest-al-sindicatelor-din-invatamant-educatia-taiata-de-guvern\/"},"modified":"2026-02-04T12:07:26","modified_gmt":"2026-02-04T12:07:26","slug":"protest-al-sindicatelor-din-invatamant-educatia-taiata-de-guvern","status":"publish","type":"post","link":"https:\/\/www.newsrecorder.ro\/app\/2026\/02\/04\/protest-al-sindicatelor-din-invatamant-educatia-taiata-de-guvern\/","title":{"rendered":"Protest al sindicatelor din \u00eenv\u0103\u021b\u0103m\u00e2nt: \u201eEduca\u021bia, t\u0103iat\u0103 de Guvern!\u201d"},"content":{"rendered":"<p>Mii de oameni s-au adunat \u00een Pia\u021ba Victoriei pentru a protesta \u00eempotriva m\u0103surilor de austeritate impuse de guvernul Bolojan \u00een sistemul de \u00eenv\u0103\u021b\u0103m\u00e2nt. Protestatarii au venit echipa\u021bi cu fluiere, vuvuzele \u0219i pancarte cu mesaje sugestive precum \u201eEduca\u021bia este prioritate na\u021bional\u0103 la t\u0103ieri\u201d, \u201eC\u0103ut\u0103m ministru: oferim salarii t\u0103iate \u0219i haos legislativ\u201d \u0219i \u201e\u0218coal\u0103 s\u0103rac\u0103, \u021bar\u0103 ne-educat\u0103\u201d.<\/p>\n<p>Un profesor prezent la protest a explicat motivele manifesta\u021biei: \u201eContinu\u0103m protestele \u00eenceput\u0103 \u00een 2025 \u00eempotriva m\u0103surilor de austeritate care afecteaz\u0103 educa\u021bia. M\u0103rirea normei didactice pentru profesori, directori, inspectori \u0219i \u00eenv\u0103\u021b\u0103tori, precum \u0219i supraaglomerarea claselor, duc la degradarea actului educa\u021bional. T\u0103ierea burselor pentru elevi \u0219i studen\u021bi a ajustat un buget al educa\u021biei care oricum era insuficient. Dac\u0103 premierul sus\u021bine c\u0103 norma didactic\u0103 din Rom\u00e2nia este sub media european\u0103, trebuie s\u0103 ne amintim c\u0103 \u0219i salariile din \u021bara noastr\u0103 sunt printre cele mai mici din Uniunea European\u0103.\u201d<\/p>\n<p>Acesta a ad\u0103ugat c\u0103 o grev\u0103 general\u0103 nu poate fi exclus\u0103 dac\u0103 m\u0103surile de austeritate nu vor fi abrogate. \u201eDac\u0103 nu se va ajunge la anularea acestor m\u0103suri, ne vom organiza pentru a declan\u0219a o grev\u0103 general\u0103, \u00een colaborare cu studen\u021bii, elevii \u0219i p\u0103rin\u021bii, care au observat deteriorarea situa\u021biei \u00een educa\u021bie. Rezultatele mai slabe afecteaz\u0103, \u00een final, elevul, care este cel mai mare perdant.\u201d<\/p>\n<p><strong>UPDATE 12:00<\/strong> Protestatarii continu\u0103 s\u0103 se adune \u00een Pia\u021ba Victoriei. Sindicali\u0219tii au \u00eenceput s\u0103 vin\u0103 \u00een num\u0103r mare, av\u00e2nd pancarte cu mesaje precum \u201e\u0218coal\u0103 s\u0103rac\u0103 = \u021bar\u0103 needucat\u0103\u201d \u0219i \u201eCere\u021bi performan\u021b\u0103, dar oferi\u021bi ignoran\u021b\u0103\u201d.<\/p>\n<p>\u201eNU CED\u0102M! Guvernul continu\u0103 s\u0103 ignore realitatea din \u0219coli! Ast\u0103zi suntem din nou \u00een Pia\u021ba Victoriei! De ce ie\u0219im \u00een strad\u0103? Pentru c\u0103 economiile lor \u00eenseamn\u0103 sacrificiul nostru! NU Legii 141\/2025!\u201d, a transmis Federa\u021bia Sindicatelor din Educa\u021bie \u201eSpiru Haret\u201d pe re\u021belele sociale, \u00een timp ce tot mai mul\u021bi oameni se al\u0103turau manifesta\u021biei.<\/p>\n<p><strong>\u0218tirea ini\u021bial\u0103:<\/strong><\/p>\n<p>Membrii Federa\u021biei Sindicatelor Libere din \u00cenv\u0103\u021b\u0103m\u00e2nt, Federa\u021biei Sindicatelor din Educa\u021bie \u201eSpiru Haret\u201d \u0219i Federa\u021biei Na\u021bionale Sindicale \u201eAlma Mater\u201d au anun\u021bat un protest programat pentru miercuri, 4 februarie. Manifesta\u021bia va avea loc \u00een Pia\u021ba Victoriei, \u00eentre orele 12:00 \u0219i 13:30, cu a\u0219teptarea de a atrage peste 3.000 de participan\u021bi, conform anun\u021bului FSLI.<\/p>\n<p>Este prima ac\u021biune semnificativ\u0103 \u00eempotriva reformelor implementate de guvernul Bolojan.<\/p>\n<p>\u201eGuvernul continu\u0103 s\u0103 ignore realitatea din \u0219coli! Ast\u0103zi, \u00eencep\u00e2nd cu ora 12:00, ne re\u00eentoarcem \u00een Pia\u021ba Victoriei pentru a protesta \u00eempotriva \u201ereformelor\u201d care ne afecteaz\u0103 drepturile \u0219i demnitatea! De ce ie\u0219im \u00een strad\u0103? Pentru c\u0103 economiile lor \u00eenseamn\u0103 sacrificiul nostru! NU Legii 141\/2025!\u201d, a fost mesajul publicat de Federa\u021bia Sindicatelor din Educa\u021bie \u201eSpiru Haret\u201d \u00een diminea\u021ba protestului.<\/p>\n<p><strong>Nemul\u021bumirile sindicatelor din \u00eenv\u0103\u021b\u0103m\u00e2nt<\/strong><\/p>\n<p>Sindicatele din educa\u021bie \u0219i-au exprimat nemul\u021bumirile \u00een mod repetat de la adoptarea m\u0103surilor fiscale destinate reducerea deficitului bugetar anul trecut. Aceste m\u0103suri au un impact negativ asupra salariilor \u0219i condi\u021biilor de munc\u0103 ale cadrelor didactice, dar \u0219i asupra demnit\u0103\u021bii profesiei.<\/p>\n<p>Potrivit <a style=\"color: #0000ff\" href=\"https:\/\/www.edupedu.ro\/cele-trei-sindicate-din-educatie-anunta-pichetarea-guvernului-pe-4-februarie-2026-si-cer-revenirea-la-norma-didactica-la-numarul-de-elevi-la-clasa-la-plata-cu-ora-si-la-bursele-de-dinainte-de-legea\/\" target=\"_blank\" rel=\"noopener\">Edupedu<\/a>, protestatarii cer urm\u0103toarele m\u0103suri:<\/p>\n<ul>\n<li>Revenirea la norma didactic\u0103 a \u00eenv\u0103\u021b\u0103torilor, profesorilor, directorilor \u0219i inspectorilor, conform Legii \u00eenv\u0103\u021b\u0103m\u00e2ntului preuniversitar nr. 198\/2023;<\/li>\n<li>Restabilirea num\u0103rului de elevi \u00een clase, ca \u00eenainte de m\u0103surile de austeritate;<\/li>\n<li>Plata cu ora s\u0103 fie echivalent\u0103 cu nivelul studiilor \u0219i nu cu salariile muncitorilor necalifica\u021bi;<\/li>\n<li>Sus\u021binerea elevilor \u0219i studen\u021bilor prin burse, conform legisla\u021biei anterioare.\u201d<\/li>\n<\/ul>\n<p><strong>ANOSR se al\u0103tur\u0103 manifesta\u021biei<\/strong><\/p>\n<p>Alian\u021ba Na\u021bional\u0103 a Organiza\u021biilor Studen\u021be\u0219ti din Rom\u00e2nia (ANOSR) a anun\u021bat c\u0103 va participa la protestul organizat de federa\u021biile sindicale din educa\u021bie. Studen\u021bii au fost afecta\u021bi de reducerea fondului de burse, diminuarea subven\u021biilor pentru transportul feroviar \u0219i scurtarea perioadei de acordare a burselor.<\/p>\n<p>\u201eProtest\u0103m din cauza problemelor sociale \u0219i economice majore cauzate de m\u0103surile de austeritate adoptate \u00een ultimul an, dar \u0219i din cauza inten\u021biei guvernului de a reduce bugetul Ministerului Educa\u021biei \u0219i Cercet\u0103rii pentru anul 2026\u201d, a afirmat ANOSR \u00een comunicatul s\u0103u oficial.<\/p>\n","protected":false},"excerpt":{"rendered":"<p>Mii de oameni s-au adunat \u00een Pia\u021ba Victoriei pentru a protesta \u00eempotriva m\u0103surilor de austeritate impuse de guvernul Bolojan \u00een sistemul de \u00eenv\u0103\u021b\u0103m\u00e2nt. Protestatarii au venit echipa\u021bi cu fluiere, vuvuzele \u0219i pancarte cu mesaje sugestive precum \u201eEduca\u021bia este prioritate na\u021bional\u0103 la t\u0103ieri\u201d, \u201eC\u0103ut\u0103m ministru: oferim salarii t\u0103iate \u0219i haos legislativ\u201d \u0219i \u201e\u0218coal\u0103 s\u0103rac\u0103, \u021bar\u0103 ne-educat\u0103\u201d. [&hellip;]<\/p>\n","protected":false},"author":2,"featured_media":1664,"comment_status":"open","ping_status":"open","sticky":false,"template":"","format":"standard","meta":{"jnews-multi-image_gallery":[],"jnews_single_post":[],"jnews_primary_category":[],"jnews_override_counter":[],"footnotes":""},"categories":[39],"tags":[2613,2979,266,2977,2980,2976,1035,2978],"class_list":["post-1663","post","type-post","status-publish","format-standard","has-post-thumbnail","hentry","category-stirile-zilei","tag-austeritate","tag-bursa","tag-educatie","tag-guvern-bolojan","tag-norma-didactica","tag-piata-victoriei","tag-proteste","tag-salarii"],"_links":{"self":[{"href":"https:\/\/www.newsrecorder.ro\/app\/wp-json\/wp\/v2\/posts\/1663","targetHints":{"allow":["GET"]}}],"collection":[{"href":"https:\/\/www.newsrecorder.ro\/app\/wp-json\/wp\/v2\/posts"}],"about":[{"href":"https:\/\/www.newsrecorder.ro\/app\/wp-json\/wp\/v2\/types\/post"}],"author":[{"embeddable":true,"href":"https:\/\/www.newsrecorder.ro\/app\/wp-json\/wp\/v2\/users\/2"}],"replies":[{"embeddable":true,"href":"https:\/\/www.newsrecorder.ro\/app\/wp-json\/wp\/v2\/comments?post=1663"}],"version-history":[{"count":0,"href":"https:\/\/www.newsrecorder.ro\/app\/wp-json\/wp\/v2\/posts\/1663\/revisions"}],"wp:featuredmedia":[{"embeddable":true,"href":"https:\/\/www.newsrecorder.ro\/app\/wp-json\/wp\/v2\/media\/1664"}],"wp:attachment":[{"href":"https:\/\/www.newsrecorder.ro\/app\/wp-json\/wp\/v2\/media?parent=1663"}],"wp:term":[{"taxonomy":"category","embeddable":true,"href":"https:\/\/www.newsrecorder.ro\/app\/wp-json\/wp\/v2\/categories?post=1663"},{"taxonomy":"post_tag","embeddable":true,"href":"https:\/\/www.newsrecorder.ro\/app\/wp-json\/wp\/v2\/tags?post=1663"}],"curies":[{"name":"wp","href":"https:\/\/api.w.org\/{rel}","templated":true}]}}