{"id":16637,"date":"2026-04-29T17:20:38","date_gmt":"2026-04-29T17:20:38","guid":{"rendered":"https:\/\/www.newsrecorder.ro\/app\/2026\/04\/29\/esecul-protejarii-orezului-in-parlamentul-european-descopera-motivele\/"},"modified":"2026-04-29T17:20:38","modified_gmt":"2026-04-29T17:20:38","slug":"esecul-protejarii-orezului-in-parlamentul-european-descopera-motivele","status":"publish","type":"post","link":"https:\/\/www.newsrecorder.ro\/app\/2026\/04\/29\/esecul-protejarii-orezului-in-parlamentul-european-descopera-motivele\/","title":{"rendered":"E\u0219ecul protej\u0103rii orezului \u00een Parlamentul European: Descoper\u0103 motivele!"},"content":{"rendered":"<p>Aceast\u0103 nou\u0103 clauz\u0103 face parte din revizuirea Sistemului de Preferin\u021be Generalizate (SPG), un mecanism comercial esen\u021bial care permite \u021b\u0103rilor \u00een dezvoltare s\u0103 exporte bunuri c\u0103tre Uniunea European\u0103 cu tarife reduse sau chiar zero. Recent, Parlamentul European a aprobat aceast\u0103 revizuire cu un vot de 459 de voturi pentru, 127 \u00eempotriv\u0103 \u0219i 70 de ab\u021bineri, conform informa\u021biilor furnizate de <a href=\"https:\/\/efe.com\/euro-efe\/2026-04-28\/clausula-sector-arroz-parlamento-europeo\/\" target=\"_blank\" rel=\"noopener\">EFE<\/a>.<\/p>\n<p><strong>Activarea clauzei de salvgardare automat\u0103 pentru orez<\/strong><\/p>\n<p>Europarlamentarii au decis activarea clauzei de salvgardare automat\u0103 pentru <a href=\"https:\/\/www.mediafax.ro\/stirile-zilei\/o-descoperire-neasteptata-despre-orez-a-dus-la-crearea-unui-material-inteligent-care-ar-putea-fi-utilizat-in-roboti-moi-23715267\" target=\"_blank\" rel=\"noopener\">orez<\/a> atunci c\u00e2nd importurile cresc cu 45% fa\u021b\u0103 de media importurilor din ultimii zece ani. Aceasta a fost o solicitare din partea eurodeputa\u021bilor spanioli \u0219i a sectorului agricol, care au pledat pentru reducerea acestui procent.<\/p>\n<p>\u00cen practic\u0103, activarea mecanismului se va realiza la aproximativ 570.000 de tone de orez importat anual, o cifr\u0103 considerat\u0103 de sector ca fiind \u201eineficient\u0103\u201d. Conform reprezentan\u021bilor din domeniu, efectele negative asupra pie\u021bei se resimt deja de la 200.000 de tone.<\/p>\n<p>\u201eEste dezam\u0103gitor\u201d, a afirmat Jos\u00e9 Mar\u00eda Castilla, directorul biroului Asaja de la Bruxelles. El a subliniat c\u0103, \u00een ciuda \u201ebunei inten\u021bii\u201d a clauzei automate, eficien\u021ba acesteia este contestat\u0103 din cauza lipsului unei revizuiri a pragurilor, apreciind c\u0103, \u00een final, va fi doar un \u201eexerci\u021biu de cosmetizare\u201d.<\/p>\n<p>De asemenea, Castilla a men\u021bionat c\u0103 Uniunea European\u0103 se va confrunta cu o intrare suplimentar\u0103 de orez, prin acordul cu Mercosur, care prevede 60.000 de tone anual, precum \u0219i prin acordul cu Australia.<\/p>\n<p>Reprezentantul Asaja a indicat c\u0103 subiectul va fi discutat din nou \u00een Consiliul Uniunii Europene, unde statele membre vor decide asupra adopt\u0103rii finale. Dac\u0103 exist\u0103 vreo posibilitate de a opri aceast\u0103 m\u0103sur\u0103, aceasta va fi abordat\u0103 acolo, \u00een special dac\u0103 Spania \u0219i Italia, cei mai mari produc\u0103tori de orez din Uniunea European\u0103, vor reu\u0219i s\u0103 ob\u021bin\u0103 sprijinul altor \u021b\u0103ri.<\/p>\n<p><strong>Sistemul de Preferin\u021be Generalizate<\/strong><\/p>\n<p>Comisia European\u0103 a sus\u021binut, de asemenea, votul referitor la clauza automat\u0103 pentru orez. Potrivit Executivului comunitar, \u201edac\u0103 importurile dintr-o \u021bar\u0103 beneficiar cresc considerabil peste media importurilor sale din ultimii zece ani, Uniunea European\u0103 va suspenda tarifele preferen\u021biale pentru restul anului \u0219i va introduce un contingent tarifar pentru anul urm\u0103tor, pentru a evita perturb\u0103rile pe pia\u021b\u0103\u201d.<\/p>\n<p>\u00cen plus, <strong>Parlamentul European a inclus noi conven\u021bii interna\u021bionale privind drepturile omului \u0219i protec\u021bia mediului, cum ar fi Acordul de la Paris \u0219i Conven\u021bia privind Drepturile Copilului, pe lista tratatelor interna\u021bionale<\/strong> pe care \u021b\u0103rile participante trebuie s\u0103 le ratifice pentru a beneficia de preferin\u021bele comerciale. De asemenea, au fost stabilite criterii clare pe care \u021b\u0103rile SPG trebuie s\u0103 le respecte pentru a nu pierde tarifele preferen\u021biale \u00een cazul \u00een care nu coopereaz\u0103 la readmisia migran\u021bilor afla\u021bi \u00een situa\u021bie neregulamentar\u0103.<\/p>\n<p>Dup\u0103 ce legisla\u021bia va fi adoptat\u0103 formal de Consiliul Uniunii Europene, aceasta va fi semnat\u0103 \u0219i publicat\u0103 \u00een Jurnalul Oficial al Uniunii Europene. Apoi, clauza va intra \u00een vigoare \u0219i se va aplica pentru o perioad\u0103 de zece ani.<\/p>\n","protected":false},"excerpt":{"rendered":"<p>Aceast\u0103 nou\u0103 clauz\u0103 face parte din revizuirea Sistemului de Preferin\u021be Generalizate (SPG), un mecanism comercial esen\u021bial care permite \u021b\u0103rilor \u00een dezvoltare s\u0103 exporte bunuri c\u0103tre Uniunea European\u0103 cu tarife reduse sau chiar zero. Recent, Parlamentul European a aprobat aceast\u0103 revizuire cu un vot de 459 de voturi pentru, 127 \u00eempotriv\u0103 \u0219i 70 de ab\u021bineri, conform [&hellip;]<\/p>\n","protected":false},"author":4,"featured_media":16638,"comment_status":"open","ping_status":"open","sticky":false,"template":"","format":"standard","meta":{"jnews-multi-image_gallery":[],"jnews_single_post":[],"jnews_primary_category":[],"jnews_override_counter":[],"footnotes":""},"categories":[40],"tags":[18942,4157,18943,5273,18944,18941,18945,321],"class_list":["post-16637","post","type-post","status-publish","format-standard","has-post-thumbnail","hentry","category-econonie","tag-clauza-de-salvgardare","tag-europarlamentari","tag-importuri-orez","tag-revizuire","tag-sector-agricol","tag-sistem-de-preferinte-generalizate","tag-tarife-reduse","tag-uniunea-europeana"],"_links":{"self":[{"href":"https:\/\/www.newsrecorder.ro\/app\/wp-json\/wp\/v2\/posts\/16637","targetHints":{"allow":["GET"]}}],"collection":[{"href":"https:\/\/www.newsrecorder.ro\/app\/wp-json\/wp\/v2\/posts"}],"about":[{"href":"https:\/\/www.newsrecorder.ro\/app\/wp-json\/wp\/v2\/types\/post"}],"author":[{"embeddable":true,"href":"https:\/\/www.newsrecorder.ro\/app\/wp-json\/wp\/v2\/users\/4"}],"replies":[{"embeddable":true,"href":"https:\/\/www.newsrecorder.ro\/app\/wp-json\/wp\/v2\/comments?post=16637"}],"version-history":[{"count":0,"href":"https:\/\/www.newsrecorder.ro\/app\/wp-json\/wp\/v2\/posts\/16637\/revisions"}],"wp:featuredmedia":[{"embeddable":true,"href":"https:\/\/www.newsrecorder.ro\/app\/wp-json\/wp\/v2\/media\/16638"}],"wp:attachment":[{"href":"https:\/\/www.newsrecorder.ro\/app\/wp-json\/wp\/v2\/media?parent=16637"}],"wp:term":[{"taxonomy":"category","embeddable":true,"href":"https:\/\/www.newsrecorder.ro\/app\/wp-json\/wp\/v2\/categories?post=16637"},{"taxonomy":"post_tag","embeddable":true,"href":"https:\/\/www.newsrecorder.ro\/app\/wp-json\/wp\/v2\/tags?post=16637"}],"curies":[{"name":"wp","href":"https:\/\/api.w.org\/{rel}","templated":true}]}}