{"id":16643,"date":"2026-04-29T18:11:22","date_gmt":"2026-04-29T18:11:22","guid":{"rendered":"https:\/\/www.newsrecorder.ro\/app\/2026\/04\/29\/februarie-aduce-racire-in-romania-avertizari-anm\/"},"modified":"2026-04-29T18:11:22","modified_gmt":"2026-04-29T18:11:22","slug":"februarie-aduce-racire-in-romania-avertizari-anm","status":"publish","type":"post","link":"https:\/\/www.newsrecorder.ro\/app\/2026\/04\/29\/februarie-aduce-racire-in-romania-avertizari-anm\/","title":{"rendered":"Februarie aduce r\u0103cire \u00een Rom\u00e2nia: Avertiz\u0103ri ANM!"},"content":{"rendered":"<p>Administra\u021bia Na\u021bional\u0103 de Meteorologie (ANM) a emis o informare meteorologic\u0103 valabil\u0103 p\u00e2n\u0103 pe 2 mai, ora 10:00, care preconizeaz\u0103 o r\u0103cire semnificativ\u0103 a vremii \u00een urm\u0103toarele zile. Aceast\u0103 r\u0103cire se va resim\u021bi \u00een \u00eentreaga \u021bar\u0103, cu abateri termice \u00eentre 8 \u0219i 12 grade fa\u021b\u0103 de mediile multianuale pentru aceast\u0103 perioad\u0103.<\/p>\n<p>\u00cen capital\u0103, schimb\u0103rile de vreme vor fi cu at\u00e2t mai pronun\u021bate. ANM estimeaz\u0103 c\u0103, \u00een intervalul 30 aprilie, ora 09:00 &#8211; 1 mai, ora 09:00, temperatura maxim\u0103 va atinge aproximativ 8 grade, \u00eenso\u021bit\u0103 de ploi temporare \u0219i v\u00e2nt moderat, cu rafale ce pot varia \u00eentre 35 \u0219i 45 km\/h. De asemenea, minima nocturn\u0103 va sc\u0103dea la 3-4 grade, iar \u00een zonele periurbane este posibil ca temperatura s\u0103 ajung\u0103 p\u00e2n\u0103 la 1 grad.<\/p>\n<p>Pe l\u00e2ng\u0103 sc\u0103derea temperaturilor, se a\u0219teapt\u0103 \u0219i precipita\u021bii importante. ANM anun\u021b\u0103 c\u0103 ploile vor fi mai frecvente \u00een sudul \u0219i estul \u021b\u0103rii, cu cantit\u0103\u021bi de ap\u0103 estim\u00e2ndu-se \u00eentre 10 \u0219i 15 l\/mp, iar izolat pot dep\u0103\u0219i 20 l\/mp. \u00cen regiunile montane, dar \u0219i \u00een dealurile subcarpatice ale Moldovei, precum \u0219i \u00een estul \u0219i sud-estul Transilvaniei, se prev\u0103d precipita\u021bii mixte: ploaie, lapovi\u021b\u0103, m\u0103z\u0103riche \u0219i ninsoare. La altitudini de peste 1.400 de metri, ninsorile vor deveni predominante, iar un strat de z\u0103pad\u0103 de 5-8 cm ar putea s\u0103 se depun\u0103.<\/p>\n<p>Prognoza meteo pentru Bucure\u0219ti indic\u0103 ploi \u00een mai multe intervale pe parcursul zilei, cu temperaturi \u00een jurul a 6-8 grade la amiaz\u0103. \u00cen Craiova, ploile vor fi prezente de diminea\u021b\u0103 p\u00e2n\u0103 dup\u0103-amiaz\u0103, cu temperaturi estimate la aproximativ 7 grade. La Constan\u021ba, ploaia este posibil\u0103 \u00een prima parte a zilei, cu valori termice de 8-10 grade, \u00een timp ce Bra\u0219ovul va experimenta vreme rece, cu temperaturi \u00eentre 2 \u0219i 7 grade \u0219i \u0219anse de ploaie sau averse.<\/p>\n<p>Senza\u021bia de frig va fi amplificat\u0103 de v\u00e2nt, care va avea intensific\u0103ri temporare \u00een majoritatea regiunilor, cu viteze de 40-45 km\/h. \u00cen zona montan\u0103 \u00eenalt\u0103, rafalele ar putea dep\u0103\u0219i 60-70 km\/h. De asemenea, \u00een nop\u021bile urm\u0103toare, se va forma brum\u0103 local \u00een jum\u0103tatea de nord a \u021b\u0103rii \u0219i izolat \u00een alte zone, ceea ce poate influen\u021ba negativ vegeta\u021bia sensibil\u0103.<\/p>\n<p>La munte, vremea va sem\u0103na cu o revenire a iernii. Media temperaturilor maxime va sc\u0103dea \u00eentre 30 aprilie \u0219i 2 mai, ajung\u00e2nd la doar 2-3 grade, iar minimele nocturne vor oscila, \u00een general, \u00eentre -4 \u0219i -2 grade. \u00centre 30 aprilie \u0219i 3 mai, precipita\u021biile vor fi slabe ca intensitate, sub form\u0103 de lapovi\u021b\u0103 \u0219i ninsoare la altitudini de peste 1.700 de metri, \u00een timp ce la altitudini mai joase vor predomina ploile.<\/p>\n","protected":false},"excerpt":{"rendered":"<p>Administra\u021bia Na\u021bional\u0103 de Meteorologie (ANM) a emis o informare meteorologic\u0103 valabil\u0103 p\u00e2n\u0103 pe 2 mai, ora 10:00, care preconizeaz\u0103 o r\u0103cire semnificativ\u0103 a vremii \u00een urm\u0103toarele zile. Aceast\u0103 r\u0103cire se va resim\u021bi \u00een \u00eentreaga \u021bar\u0103, cu abateri termice \u00eentre 8 \u0219i 12 grade fa\u021b\u0103 de mediile multianuale pentru aceast\u0103 perioad\u0103. \u00cen capital\u0103, schimb\u0103rile de vreme [&hellip;]<\/p>\n","protected":false},"author":5,"featured_media":16644,"comment_status":"open","ping_status":"open","sticky":false,"template":"","format":"standard","meta":{"jnews-multi-image_gallery":[],"jnews_single_post":[],"jnews_primary_category":[],"jnews_override_counter":[],"footnotes":""},"categories":[45],"tags":[146,150,4028,18950,135,18949,81,3166],"class_list":["post-16643","post","type-post","status-publish","format-standard","has-post-thumbnail","hentry","category-meteo","tag-abateri-termice","tag-anm","tag-informare-meteorologica","tag-ploi-temporare","tag-precipitatii","tag-racire-vremii","tag-temperaturi-scazute","tag-vant-moderat"],"_links":{"self":[{"href":"https:\/\/www.newsrecorder.ro\/app\/wp-json\/wp\/v2\/posts\/16643","targetHints":{"allow":["GET"]}}],"collection":[{"href":"https:\/\/www.newsrecorder.ro\/app\/wp-json\/wp\/v2\/posts"}],"about":[{"href":"https:\/\/www.newsrecorder.ro\/app\/wp-json\/wp\/v2\/types\/post"}],"author":[{"embeddable":true,"href":"https:\/\/www.newsrecorder.ro\/app\/wp-json\/wp\/v2\/users\/5"}],"replies":[{"embeddable":true,"href":"https:\/\/www.newsrecorder.ro\/app\/wp-json\/wp\/v2\/comments?post=16643"}],"version-history":[{"count":0,"href":"https:\/\/www.newsrecorder.ro\/app\/wp-json\/wp\/v2\/posts\/16643\/revisions"}],"wp:featuredmedia":[{"embeddable":true,"href":"https:\/\/www.newsrecorder.ro\/app\/wp-json\/wp\/v2\/media\/16644"}],"wp:attachment":[{"href":"https:\/\/www.newsrecorder.ro\/app\/wp-json\/wp\/v2\/media?parent=16643"}],"wp:term":[{"taxonomy":"category","embeddable":true,"href":"https:\/\/www.newsrecorder.ro\/app\/wp-json\/wp\/v2\/categories?post=16643"},{"taxonomy":"post_tag","embeddable":true,"href":"https:\/\/www.newsrecorder.ro\/app\/wp-json\/wp\/v2\/tags?post=16643"}],"curies":[{"name":"wp","href":"https:\/\/api.w.org\/{rel}","templated":true}]}}