{"id":16649,"date":"2026-04-29T19:09:44","date_gmt":"2026-04-29T19:09:44","guid":{"rendered":"https:\/\/www.newsrecorder.ro\/app\/2026\/04\/29\/vremea-pana-la-finalul-primaverii-ploi-si-fluctuatii-de-temperatura\/"},"modified":"2026-04-29T19:09:44","modified_gmt":"2026-04-29T19:09:44","slug":"vremea-pana-la-finalul-primaverii-ploi-si-fluctuatii-de-temperatura","status":"publish","type":"post","link":"https:\/\/www.newsrecorder.ro\/app\/2026\/04\/29\/vremea-pana-la-finalul-primaverii-ploi-si-fluctuatii-de-temperatura\/","title":{"rendered":"Vremea p\u00e2n\u0103 la finalul prim\u0103verii: ploi \u0219i fluctua\u021bii de temperatur\u0103!"},"content":{"rendered":"<p>Conform informa\u021biilor furnizate de Administra\u021bia Na\u021bional\u0103 de Meteorologie (ANM), perioada 27 aprilie &#8211; 4 mai va aduce temperaturi mai sc\u0103zute dec\u00e2t cele obi\u0219nuite pentru aceast\u0103 s\u0103pt\u0103m\u00e2n\u0103, un trend observat pe \u00eentreg teritoriul Rom\u00e2niei. Totu\u0219i, abaterile termice negative vor fi mai accentuate \u00een partea estic\u0103 a \u021b\u0103rii.<\/p>\n<p>\u00cen ceea ce prive\u0219te precipita\u021biile, regimul pluviometric va fi excedentar \u00een regiunile sud-estice, \u00een timp ce zonele vestice, nordice \u0219i centrale vor \u00eenregistra un deficit. \u00cen restul \u021b\u0103rii, valorile precipita\u021biilor se vor men\u021bine la niveluri apropiate de cele normale.<\/p>\n<p>Pe parcursul s\u0103pt\u0103m\u00e2nii 4-11 mai, se preconizeaz\u0103 o u\u0219oar\u0103 cre\u0219tere a temperaturilor medii \u00een jum\u0103tatea vestic\u0103 a Rom\u00e2niei, \u00een timp ce \u00een celelalte regiuni valorile se vor situa \u00een apropierea mediei istorice pentru acest interval.<\/p>\n<p>De asemenea, cantit\u0103\u021bile de precipita\u021bii vor fi deficitare \u00een regiunile vestice \u0219i sud-vestice, \u00eens\u0103 \u00een celelalte zone vor fi, \u00een general, conforme cu normele climatice pentru aceast\u0103 perioad\u0103.<\/p>\n<p>\u00cen s\u0103pt\u0103m\u00e2na 11-18 mai, temperatura medie a aerului va atinge valori ce se vor \u00eencadra \u00een limitele normale pentru acest interval, la nivel na\u021bional.<\/p>\n<p>Regimul pluviometric estimat pentru aceast\u0103 s\u0103pt\u0103m\u00e2n\u0103 va fi, de asemenea, apropiat de cel normal, acoperind cea mai mare parte a \u021b\u0103rii.<\/p>\n<p>\u00cen cele din urm\u0103, \u00een s\u0103pt\u0103m\u00e2na 18-25 mai, mediile valorilor termice vor fi conforme cu specifica\u021biile pentru aceast\u0103 s\u0103pt\u0103m\u00e2n\u0103, pe \u00eentreg teritoriul Rom\u00e2niei. Cantit\u0103\u021bile de precipita\u021bii se vor men\u021bine, de asemenea, \u00een jurul valorilor normale pentru aceast\u0103 perioad\u0103, conform declara\u021biilor ANM.<\/p>\n","protected":false},"excerpt":{"rendered":"<p>Conform informa\u021biilor furnizate de Administra\u021bia Na\u021bional\u0103 de Meteorologie (ANM), perioada 27 aprilie &#8211; 4 mai va aduce temperaturi mai sc\u0103zute dec\u00e2t cele obi\u0219nuite pentru aceast\u0103 s\u0103pt\u0103m\u00e2n\u0103, un trend observat pe \u00eentreg teritoriul Rom\u00e2niei. Totu\u0219i, abaterile termice negative vor fi mai accentuate \u00een partea estic\u0103 a \u021b\u0103rii. \u00cen ceea ce prive\u0219te precipita\u021biile, regimul pluviometric va fi [&hellip;]<\/p>\n","protected":false},"author":5,"featured_media":16650,"comment_status":"open","ping_status":"open","sticky":false,"template":"","format":"standard","meta":{"jnews-multi-image_gallery":[],"jnews_single_post":[],"jnews_primary_category":[],"jnews_override_counter":[],"footnotes":""},"categories":[45],"tags":[146,160,133,135,4034,149,1559,126],"class_list":["post-16649","post","type-post","status-publish","format-standard","has-post-thumbnail","hentry","category-meteo","tag-abateri-termice","tag-deficit","tag-meteorologie","tag-precipitatii","tag-regiuni","tag-romania","tag-sud-est","tag-temperaturi"],"_links":{"self":[{"href":"https:\/\/www.newsrecorder.ro\/app\/wp-json\/wp\/v2\/posts\/16649","targetHints":{"allow":["GET"]}}],"collection":[{"href":"https:\/\/www.newsrecorder.ro\/app\/wp-json\/wp\/v2\/posts"}],"about":[{"href":"https:\/\/www.newsrecorder.ro\/app\/wp-json\/wp\/v2\/types\/post"}],"author":[{"embeddable":true,"href":"https:\/\/www.newsrecorder.ro\/app\/wp-json\/wp\/v2\/users\/5"}],"replies":[{"embeddable":true,"href":"https:\/\/www.newsrecorder.ro\/app\/wp-json\/wp\/v2\/comments?post=16649"}],"version-history":[{"count":0,"href":"https:\/\/www.newsrecorder.ro\/app\/wp-json\/wp\/v2\/posts\/16649\/revisions"}],"wp:featuredmedia":[{"embeddable":true,"href":"https:\/\/www.newsrecorder.ro\/app\/wp-json\/wp\/v2\/media\/16650"}],"wp:attachment":[{"href":"https:\/\/www.newsrecorder.ro\/app\/wp-json\/wp\/v2\/media?parent=16649"}],"wp:term":[{"taxonomy":"category","embeddable":true,"href":"https:\/\/www.newsrecorder.ro\/app\/wp-json\/wp\/v2\/categories?post=16649"},{"taxonomy":"post_tag","embeddable":true,"href":"https:\/\/www.newsrecorder.ro\/app\/wp-json\/wp\/v2\/tags?post=16649"}],"curies":[{"name":"wp","href":"https:\/\/api.w.org\/{rel}","templated":true}]}}