{"id":16653,"date":"2026-04-29T19:10:46","date_gmt":"2026-04-29T19:10:46","guid":{"rendered":"https:\/\/www.newsrecorder.ro\/app\/2026\/04\/29\/avertizare-de-vant-puternic-in-transilvania-oltenia-si-moldova\/"},"modified":"2026-04-29T19:10:46","modified_gmt":"2026-04-29T19:10:46","slug":"avertizare-de-vant-puternic-in-transilvania-oltenia-si-moldova","status":"publish","type":"post","link":"https:\/\/www.newsrecorder.ro\/app\/2026\/04\/29\/avertizare-de-vant-puternic-in-transilvania-oltenia-si-moldova\/","title":{"rendered":"Avertizare de v\u00e2nt puternic \u00een Transilvania, Oltenia \u0219i Moldova!"},"content":{"rendered":"<p>Conform informa\u021biilor furnizate de Administra\u021bia Na\u021bional\u0103 de Meteorologie (ANM), vineri, \u00een nordul, estul \u0219i sud-estul Transilvaniei, precum \u0219i \u00een nord-estul Moldovei \u0219i vestul Olteniei, se vor \u00eenregistra intensific\u0103ri semnificative ale v\u00e2ntului, cu viteze cuprinse \u00eentre 50 \u0219i 65 km\/h.<\/p>\n<p>\u00cen zonele montane, \u00een special \u00een Carpa\u021bii Meridionali \u0219i de Curbur\u0103, rafalele de v\u00e2nt vor fi \u0219i mai puternice, ating\u00e2nd valori de 70 p\u00e2n\u0103 la 90 km\/h.<\/p>\n<p>De asemenea, intensific\u0103ri temporare ale v\u00e2ntului se vor resim\u021bi \u0219i \u00een alte p\u0103r\u021bi ale \u021b\u0103rii, cu viteze medii de aproximativ 40 p\u00e2n\u0103 la 45 km\/h.<\/p>\n<p>Avertizarea de cod galben emis\u0103 de ANM este \u00een vigoare p\u00e2n\u0103 la ora 21:00, a\u0219a c\u0103 este recomandat s\u0103 se acorde aten\u021bie condi\u021biilor meteorologice din aceste zone.<\/p>\n","protected":false},"excerpt":{"rendered":"<p>Conform informa\u021biilor furnizate de Administra\u021bia Na\u021bional\u0103 de Meteorologie (ANM), vineri, \u00een nordul, estul \u0219i sud-estul Transilvaniei, precum \u0219i \u00een nord-estul Moldovei \u0219i vestul Olteniei, se vor \u00eenregistra intensific\u0103ri semnificative ale v\u00e2ntului, cu viteze cuprinse \u00eentre 50 \u0219i 65 km\/h. \u00cen zonele montane, \u00een special \u00een Carpa\u021bii Meridionali \u0219i de Curbur\u0103, rafalele de v\u00e2nt vor fi [&hellip;]<\/p>\n","protected":false},"author":5,"featured_media":16654,"comment_status":"open","ping_status":"open","sticky":false,"template":"","format":"standard","meta":{"jnews-multi-image_gallery":[],"jnews_single_post":[],"jnews_primary_category":[],"jnews_override_counter":[],"footnotes":""},"categories":[45],"tags":[1145,196,974,1422,133,871,263,137],"class_list":["post-16653","post","type-post","status-publish","format-standard","has-post-thumbnail","hentry","category-meteo","tag-carpati","tag-cod-galben","tag-conditii-meteorologice","tag-intensificari","tag-meteorologie","tag-moldova","tag-transilvania","tag-vant"],"_links":{"self":[{"href":"https:\/\/www.newsrecorder.ro\/app\/wp-json\/wp\/v2\/posts\/16653","targetHints":{"allow":["GET"]}}],"collection":[{"href":"https:\/\/www.newsrecorder.ro\/app\/wp-json\/wp\/v2\/posts"}],"about":[{"href":"https:\/\/www.newsrecorder.ro\/app\/wp-json\/wp\/v2\/types\/post"}],"author":[{"embeddable":true,"href":"https:\/\/www.newsrecorder.ro\/app\/wp-json\/wp\/v2\/users\/5"}],"replies":[{"embeddable":true,"href":"https:\/\/www.newsrecorder.ro\/app\/wp-json\/wp\/v2\/comments?post=16653"}],"version-history":[{"count":0,"href":"https:\/\/www.newsrecorder.ro\/app\/wp-json\/wp\/v2\/posts\/16653\/revisions"}],"wp:featuredmedia":[{"embeddable":true,"href":"https:\/\/www.newsrecorder.ro\/app\/wp-json\/wp\/v2\/media\/16654"}],"wp:attachment":[{"href":"https:\/\/www.newsrecorder.ro\/app\/wp-json\/wp\/v2\/media?parent=16653"}],"wp:term":[{"taxonomy":"category","embeddable":true,"href":"https:\/\/www.newsrecorder.ro\/app\/wp-json\/wp\/v2\/categories?post=16653"},{"taxonomy":"post_tag","embeddable":true,"href":"https:\/\/www.newsrecorder.ro\/app\/wp-json\/wp\/v2\/tags?post=16653"}],"curies":[{"name":"wp","href":"https:\/\/api.w.org\/{rel}","templated":true}]}}