{"id":16655,"date":"2026-04-29T19:11:00","date_gmt":"2026-04-29T19:11:00","guid":{"rendered":"https:\/\/www.newsrecorder.ro\/app\/2026\/04\/29\/mai-aduce-caldura-primavara-se-instaleaza-cu-adevarat\/"},"modified":"2026-04-29T19:11:00","modified_gmt":"2026-04-29T19:11:00","slug":"mai-aduce-caldura-primavara-se-instaleaza-cu-adevarat","status":"publish","type":"post","link":"https:\/\/www.newsrecorder.ro\/app\/2026\/04\/29\/mai-aduce-caldura-primavara-se-instaleaza-cu-adevarat\/","title":{"rendered":"Mai aduce c\u0103ldur\u0103: Prim\u0103vara se instaleaz\u0103 cu adev\u0103rat!"},"content":{"rendered":"<p><strong>Perioada 25 aprilie \u2013 4 mai<\/strong><\/p>\n<p>\u00cen aceast\u0103 s\u0103pt\u0103m\u00e2n\u0103, valorile termice vor fi semnificativ mai sc\u0103zute dec\u00e2t cele obi\u0219nuite pentru aceast\u0103 perioad\u0103, la nivel na\u021bional. De asemenea, regimul pluviometric va \u00eenregistra o dep\u0103\u0219ire \u00een regiunile sudice, estice \u0219i centrale, \u00een timp ce \u00een restul \u021b\u0103rii precipita\u021biile se vor men\u021bine \u00een limitele normale.<\/p>\n<p><strong>Perioada 4 \u2013 11 mai<\/strong><\/p>\n<p>Temperaturile aerului se vor alinia \u00een mare parte cu valorile normale pentru acest interval, \u00een majoritatea regiunilor \u021b\u0103rii. Totu\u0219i, \u00een regiunile sud-vestice, se preconizeaz\u0103 o u\u0219oar\u0103 deficien\u021b\u0103 \u00een regimul pluviometric, \u00een timp ce \u00een celelalte zone ale \u021b\u0103rii precipita\u021biile vor r\u0103m\u00e2ne \u00een limitele normale.<\/p>\n<p><strong>Perioada 11 \u2013 18 mai<\/strong><\/p>\n<p>\u00cen aceast\u0103 s\u0103pt\u0103m\u00e2n\u0103, regimul termic se va men\u021bine apropiat de normele sezoniere pe \u00eentreg teritoriul na\u021bional. Cantit\u0103\u021bile de precipita\u021bii vor fi, de asemenea, \u00een general conforme cu valorile normale pentru acest interval, \u00een majoritatea regiunilor.<\/p>\n<p><strong>Perioada 18 \u2013 25 mai<\/strong><\/p>\n<p>Valorile medii ale temperaturii se vor situa \u00een conformitate cu normele climatologice specifice acestei perioade, la nivel na\u021bional. \u00cen ceea ce prive\u0219te precipita\u021biile, regimul va fi u\u0219or excedentar \u00een regiunile estice \u0219i sudice, u\u0219or deficitar \u00een cele vestice, iar \u00een restul \u021b\u0103rii va fi apropiat de normal pentru intervalul respectiv.<\/p>\n","protected":false},"excerpt":{"rendered":"<p>Perioada 25 aprilie \u2013 4 mai \u00cen aceast\u0103 s\u0103pt\u0103m\u00e2n\u0103, valorile termice vor fi semnificativ mai sc\u0103zute dec\u00e2t cele obi\u0219nuite pentru aceast\u0103 perioad\u0103, la nivel na\u021bional. De asemenea, regimul pluviometric va \u00eenregistra o dep\u0103\u0219ire \u00een regiunile sudice, estice \u0219i centrale, \u00een timp ce \u00een restul \u021b\u0103rii precipita\u021biile se vor men\u021bine \u00een limitele normale. Perioada 4 \u2013 [&hellip;]<\/p>\n","protected":false},"author":5,"featured_media":16656,"comment_status":"open","ping_status":"open","sticky":false,"template":"","format":"standard","meta":{"jnews-multi-image_gallery":[],"jnews_single_post":[],"jnews_primary_category":[],"jnews_override_counter":[],"footnotes":""},"categories":[45],"tags":[18958,135,1812,18959,1961,126,3723,125],"class_list":["post-16655","post","type-post","status-publish","format-standard","has-post-thumbnail","hentry","category-meteo","tag-perioade","tag-precipitatii","tag-regimul-pluviometric","tag-regiunile-sud-vestice","tag-regiunile-sudice","tag-temperaturi","tag-valori-normale","tag-vreme"],"_links":{"self":[{"href":"https:\/\/www.newsrecorder.ro\/app\/wp-json\/wp\/v2\/posts\/16655","targetHints":{"allow":["GET"]}}],"collection":[{"href":"https:\/\/www.newsrecorder.ro\/app\/wp-json\/wp\/v2\/posts"}],"about":[{"href":"https:\/\/www.newsrecorder.ro\/app\/wp-json\/wp\/v2\/types\/post"}],"author":[{"embeddable":true,"href":"https:\/\/www.newsrecorder.ro\/app\/wp-json\/wp\/v2\/users\/5"}],"replies":[{"embeddable":true,"href":"https:\/\/www.newsrecorder.ro\/app\/wp-json\/wp\/v2\/comments?post=16655"}],"version-history":[{"count":0,"href":"https:\/\/www.newsrecorder.ro\/app\/wp-json\/wp\/v2\/posts\/16655\/revisions"}],"wp:featuredmedia":[{"embeddable":true,"href":"https:\/\/www.newsrecorder.ro\/app\/wp-json\/wp\/v2\/media\/16656"}],"wp:attachment":[{"href":"https:\/\/www.newsrecorder.ro\/app\/wp-json\/wp\/v2\/media?parent=16655"}],"wp:term":[{"taxonomy":"category","embeddable":true,"href":"https:\/\/www.newsrecorder.ro\/app\/wp-json\/wp\/v2\/categories?post=16655"},{"taxonomy":"post_tag","embeddable":true,"href":"https:\/\/www.newsrecorder.ro\/app\/wp-json\/wp\/v2\/tags?post=16655"}],"curies":[{"name":"wp","href":"https:\/\/api.w.org\/{rel}","templated":true}]}}