{"id":16657,"date":"2026-04-29T19:11:14","date_gmt":"2026-04-29T19:11:14","guid":{"rendered":"https:\/\/www.newsrecorder.ro\/app\/2026\/04\/29\/bucuresti-frig-ploi-si-vant-puternic-pana-vineri-2\/"},"modified":"2026-04-29T19:11:14","modified_gmt":"2026-04-29T19:11:14","slug":"bucuresti-frig-ploi-si-vant-puternic-pana-vineri-2","status":"publish","type":"post","link":"https:\/\/www.newsrecorder.ro\/app\/2026\/04\/29\/bucuresti-frig-ploi-si-vant-puternic-pana-vineri-2\/","title":{"rendered":"Bucure\u0219ti: Frig, ploi \u0219i v\u00e2nt puternic p\u00e2n\u0103 vineri!"},"content":{"rendered":"<p><a href=\"https:\/\/www.meteoromania.ro\/\" target=\"_blank\" rel=\"noopener\">Administra\u021bia Na\u021bional\u0103 de Meteorologie (ANM)<\/a> a emis o avertizare meteo pentru Bucure\u0219ti, valabil\u0103 \u00eentre 22 aprilie, ora 10:00, \u0219i 24 aprilie, ora 10:00. Se preconizeaz\u0103 o vreme rece, acompaniat\u0103 de intensific\u0103ri ale v\u00e2ntului.<\/p>\n<p><strong>Prognoza pentru Bucure\u0219ti, miercuri, 22 aprilie: frig \u0219i ploi u\u0219oare<\/strong><\/p>\n<p>\u00cen aceast\u0103 zi, vremea va fi rece. Cerul va fi temporar acoperit de nori, iar condi\u021biile pentru ploi slabe vor fi prezente pe parcursul \u00eentregii zile.<\/p>\n<p>V\u00e2ntul va avea intensitate slab\u0103 p\u00e2n\u0103 la moderat\u0103. Temperaturile se vor \u00eencadra \u00eentre 13 \u0219i 15 grade Celsius, iar noaptea se estimeaz\u0103 o minim\u0103 de 2-5 grade.<\/p>\n<p><strong>Prognoza pentru joi, 23 aprilie: temperaturi mai ridicate, dar v\u00e2nt puternic<\/strong><\/p>\n<p>Vremea se va \u00eembun\u0103t\u0103\u021bi, aduc\u00e2nd temperaturi mai normale pentru aceast\u0103 perioad\u0103. Cerul va fi variabil, f\u0103r\u0103 precipita\u021bii semnificative.<\/p>\n<p>Pe parcursul zilei, v\u00e2ntul se va intensifica, cu viteze de 45-50 km\/h. \u00cen timpul nop\u021bii, intensitatea v\u00e2ntului va sc\u0103dea, revenind la o briz\u0103 slab\u0103 p\u00e2n\u0103 la moderat\u0103. Temperaturile maxime vor atinge 18-19 grade Celsius, iar minimile se vor situa \u00eentre 4 \u0219i 7 grade.<\/p>\n","protected":false},"excerpt":{"rendered":"<p>Administra\u021bia Na\u021bional\u0103 de Meteorologie (ANM) a emis o avertizare meteo pentru Bucure\u0219ti, valabil\u0103 \u00eentre 22 aprilie, ora 10:00, \u0219i 24 aprilie, ora 10:00. Se preconizeaz\u0103 o vreme rece, acompaniat\u0103 de intensific\u0103ri ale v\u00e2ntului. Prognoza pentru Bucure\u0219ti, miercuri, 22 aprilie: frig \u0219i ploi u\u0219oare \u00cen aceast\u0103 zi, vremea va fi rece. Cerul va fi temporar acoperit [&hellip;]<\/p>\n","protected":false},"author":5,"featured_media":16658,"comment_status":"open","ping_status":"open","sticky":false,"template":"","format":"standard","meta":{"jnews-multi-image_gallery":[],"jnews_single_post":[],"jnews_primary_category":[],"jnews_override_counter":[],"footnotes":""},"categories":[45],"tags":[1375,5970,362,12471,132,126,137,139],"class_list":["post-16657","post","type-post","status-publish","format-standard","has-post-thumbnail","hentry","category-meteo","tag-aprilie","tag-avertizare-meteo","tag-bucuresti","tag-ploi","tag-prognoza","tag-temperaturi","tag-vant","tag-vreme-rece"],"_links":{"self":[{"href":"https:\/\/www.newsrecorder.ro\/app\/wp-json\/wp\/v2\/posts\/16657","targetHints":{"allow":["GET"]}}],"collection":[{"href":"https:\/\/www.newsrecorder.ro\/app\/wp-json\/wp\/v2\/posts"}],"about":[{"href":"https:\/\/www.newsrecorder.ro\/app\/wp-json\/wp\/v2\/types\/post"}],"author":[{"embeddable":true,"href":"https:\/\/www.newsrecorder.ro\/app\/wp-json\/wp\/v2\/users\/5"}],"replies":[{"embeddable":true,"href":"https:\/\/www.newsrecorder.ro\/app\/wp-json\/wp\/v2\/comments?post=16657"}],"version-history":[{"count":0,"href":"https:\/\/www.newsrecorder.ro\/app\/wp-json\/wp\/v2\/posts\/16657\/revisions"}],"wp:featuredmedia":[{"embeddable":true,"href":"https:\/\/www.newsrecorder.ro\/app\/wp-json\/wp\/v2\/media\/16658"}],"wp:attachment":[{"href":"https:\/\/www.newsrecorder.ro\/app\/wp-json\/wp\/v2\/media?parent=16657"}],"wp:term":[{"taxonomy":"category","embeddable":true,"href":"https:\/\/www.newsrecorder.ro\/app\/wp-json\/wp\/v2\/categories?post=16657"},{"taxonomy":"post_tag","embeddable":true,"href":"https:\/\/www.newsrecorder.ro\/app\/wp-json\/wp\/v2\/tags?post=16657"}],"curies":[{"name":"wp","href":"https:\/\/api.w.org\/{rel}","templated":true}]}}