{"id":16683,"date":"2026-04-29T19:45:51","date_gmt":"2026-04-29T19:45:51","guid":{"rendered":"https:\/\/www.newsrecorder.ro\/app\/2026\/04\/29\/austria-procesul-organizatorului-complotului-terorist-impotriva-lui-taylor-swift\/"},"modified":"2026-04-29T19:45:51","modified_gmt":"2026-04-29T19:45:51","slug":"austria-procesul-organizatorului-complotului-terorist-impotriva-lui-taylor-swift","status":"publish","type":"post","link":"https:\/\/www.newsrecorder.ro\/app\/2026\/04\/29\/austria-procesul-organizatorului-complotului-terorist-impotriva-lui-taylor-swift\/","title":{"rendered":"Austria: Procesul organizatorului complotului terorist \u00eempotriva lui Taylor Swift"},"content":{"rendered":"<p>Mar\u021bi, \u00een Wiener Neustadt, l\u00e2ng\u0103 Viena, \u00eencepe procesul unui t\u00e2n\u0103r austriac acuzat de organizarea unui atac terorist destinat unui concert al celebrei c\u00e2nt\u0103re\u021be <a href=\"https:\/\/www.mediafax.ro\/externe\/ai-vs-artisti-taylor-swift-isi-protejeaza-vocea-in-fata-deepfake-urilor-23727570\">Taylor Swift<\/a>. Aceast\u0103 situa\u021bie readuce \u00een aten\u021bie vulnerabilitatea marilor evenimente culturale \u00een fa\u021ba extremismului violent.<\/p>\n<p>Inculpatul, un austriac de 21 de ani pe nume Beran A., se confrunt\u0103 cu acuza\u021bii grave, inclusiv terorism \u0219i leg\u0103turi cu organiza\u021bia extremist\u0103 Stat Islamic, risc\u00e2nd o pedeaps\u0103 de p\u00e2n\u0103 la 20 de ani de \u00eenchisoare.<\/p>\n<p>Potrivit procurorilor, Beran A. a planificat un atac asupra mul\u021bimii care urma s\u0103 se adune \u00een afara stadionului Ernst Happel, unde erau programate concertele artistei \u00een august 2024. Se estima c\u0103 aproximativ 30.000 de oameni ar fi fost prezen\u021bi zilnic \u00een exteriorul arenei, \u00een plus fa\u021b\u0103 de cei 65.000 din interior.<\/p>\n<p>Planurile sale includeau utilizarea de cu\u021bite \u0219i explozibili artizanali, av\u00e2nd ca scop provocarea unui num\u0103r maxim de victime.<\/p>\n<p>Interven\u021bia autorit\u0103\u021bilor austriece a fost prompt\u0103, fiind activat\u0103 \u00een urma unor informa\u021bii primite inclusiv de la serviciile de securitate americane. Aceasta a dus la anularea concertelor, o decizie care a st\u00e2rnit emo\u021bii intense \u00een r\u00e2ndul fanilor lui Swift. Comunitatea \u201eSwifties\u201d a reac\u021bionat \u00eens\u0103 cu solidaritate, transform\u00e2nd ora\u0219ul \u00eentr-un simbol al unit\u0103\u021bii prin schimburi de br\u0103\u021b\u0103ri de prietenie \u0219i momente muzicale colective.<\/p>\n<p>Beran A. nu este singurul implicat \u00een acest caz. El este judecat \u00eempreun\u0103 cu Arda K., un alt suspect asociat unui complot mai complex, care viza atacuri simultane \u00een Arabia Saudit\u0103, Turcia \u0219i Emiratele Arabe Unite, planificate s\u0103 aib\u0103 loc \u00een timpul Ramadanului din 2024. De asemenea, un al treilea suspect, Hasan E., a fost implicat \u00eentr-un incident violent, \u00eenjunghiind un agent de securitate la Marea Moschee din Mecca pe 11 martie 2024, \u0219i se afl\u0103 \u00een continuare \u00een arest \u00een Arabia Saudit\u0103.<\/p>\n<p>Procurorii afirm\u0103 c\u0103 inculpa\u021bii au discutat despre achizi\u021bionarea de arme \u0219i fabricarea de bombe, iar Beran A. a \u00eencercat s\u0103 procure ilegal armament \u00eenainte de concert. O perchezi\u021bie efectuat\u0103 pe 7 august 2024 a dus la descoperirea de materiale pentru fabricarea dispozitivelor explozibile \u00een locuin\u021ba sa.<\/p>\n<p>Cazul este comparabil cu atentatul din 2017 de la concertul Arianei Grande din Manchester, un atac sinuciga\u0219 care a provocat 22 de decese \u0219i a ridicat semne de \u00eentrebare asupra securit\u0103\u021bii evenimentelor publice. Dup\u0103 anularea concertelor din Viena, Taylor Swift a descris situa\u021bia ca fiind \u201edevastatoare\u201d, exprim\u00e2nd un sentiment profund de fric\u0103 \u0219i vinov\u0103\u021bie.<\/p>\n<p>Avocata lui Beran A. a anun\u021bat c\u0103 acesta inten\u021bioneaz\u0103 s\u0103 pledeze vinovat pentru majoritatea acuza\u021biilor, f\u0103r\u0103 a specifica detaliile. Procesul va continua pe 12 mai \u0219i este a\u0219teptat s\u0103 ofere informa\u021bii esen\u021biale despre amploarea re\u021belei \u0219i gradul de radicalizare al inculpa\u021bilor.<\/p>\n<p>Cazul subliniaz\u0103 din nou tensiunea dintre libertatea cultural\u0103 \u0219i nevoia de securitate \u00eentr-o Europ\u0103 \u00een care amenin\u021barea terorist\u0103 r\u0103m\u00e2ne o realitate constant\u0103.<\/p>\n","protected":false},"excerpt":{"rendered":"<p>Mar\u021bi, \u00een Wiener Neustadt, l\u00e2ng\u0103 Viena, \u00eencepe procesul unui t\u00e2n\u0103r austriac acuzat de organizarea unui atac terorist destinat unui concert al celebrei c\u00e2nt\u0103re\u021be Taylor Swift. Aceast\u0103 situa\u021bie readuce \u00een aten\u021bie vulnerabilitatea marilor evenimente culturale \u00een fa\u021ba extremismului violent. Inculpatul, un austriac de 21 de ani pe nume Beran A., se confrunt\u0103 cu acuza\u021bii grave, inclusiv [&hellip;]<\/p>\n","protected":false},"author":7,"featured_media":16684,"comment_status":"open","ping_status":"open","sticky":false,"template":"","format":"standard","meta":{"jnews-multi-image_gallery":[],"jnews_single_post":[],"jnews_primary_category":[],"jnews_override_counter":[],"footnotes":""},"categories":[43],"tags":[2188,586,18760,2495,18761,18758,18759,155],"class_list":["post-16683","post","type-post","status-publish","format-standard","has-post-thumbnail","hentry","category-cultura","tag-atac-terorist","tag-concert","tag-extremism-violent","tag-proces","tag-stat-islamic","tag-tanar-austriac","tag-taylor-swift","tag-viena"],"_links":{"self":[{"href":"https:\/\/www.newsrecorder.ro\/app\/wp-json\/wp\/v2\/posts\/16683","targetHints":{"allow":["GET"]}}],"collection":[{"href":"https:\/\/www.newsrecorder.ro\/app\/wp-json\/wp\/v2\/posts"}],"about":[{"href":"https:\/\/www.newsrecorder.ro\/app\/wp-json\/wp\/v2\/types\/post"}],"author":[{"embeddable":true,"href":"https:\/\/www.newsrecorder.ro\/app\/wp-json\/wp\/v2\/users\/7"}],"replies":[{"embeddable":true,"href":"https:\/\/www.newsrecorder.ro\/app\/wp-json\/wp\/v2\/comments?post=16683"}],"version-history":[{"count":0,"href":"https:\/\/www.newsrecorder.ro\/app\/wp-json\/wp\/v2\/posts\/16683\/revisions"}],"wp:featuredmedia":[{"embeddable":true,"href":"https:\/\/www.newsrecorder.ro\/app\/wp-json\/wp\/v2\/media\/16684"}],"wp:attachment":[{"href":"https:\/\/www.newsrecorder.ro\/app\/wp-json\/wp\/v2\/media?parent=16683"}],"wp:term":[{"taxonomy":"category","embeddable":true,"href":"https:\/\/www.newsrecorder.ro\/app\/wp-json\/wp\/v2\/categories?post=16683"},{"taxonomy":"post_tag","embeddable":true,"href":"https:\/\/www.newsrecorder.ro\/app\/wp-json\/wp\/v2\/tags?post=16683"}],"curies":[{"name":"wp","href":"https:\/\/api.w.org\/{rel}","templated":true}]}}