{"id":16689,"date":"2026-04-29T20:13:49","date_gmt":"2026-04-29T20:13:49","guid":{"rendered":"https:\/\/www.newsrecorder.ro\/app\/2026\/04\/29\/descopera-harti-rare-ale-romaniei-cu-alba-iulia-in-franta\/"},"modified":"2026-04-29T20:13:49","modified_gmt":"2026-04-29T20:13:49","slug":"descopera-harti-rare-ale-romaniei-cu-alba-iulia-in-franta","status":"publish","type":"post","link":"https:\/\/www.newsrecorder.ro\/app\/2026\/04\/29\/descopera-harti-rare-ale-romaniei-cu-alba-iulia-in-franta\/","title":{"rendered":"Descoper\u0103 h\u0103r\u021bi rare ale Rom\u00e2niei, cu Alba-Iulia, \u00een Fran\u021ba!"},"content":{"rendered":"<p>Victor Negrescu a f\u0103cut o descoperire fascinant\u0103 \u00een biblioteca Adun\u0103rii Na\u021bionale a Republicii Franceze, pe care a \u00eemp\u0103rt\u0103\u0219it-o cu urm\u0103ritorii s\u0103i pe pagina sa de Facebook.<\/p>\n<p>Acesta a reg\u0103sit \u201eo parte din istoria noastr\u0103: h\u0103r\u021bi vechi ale Rom\u00e2niei \u0219i Transilvaniei, cu Alba Iulia \u00een centrul aten\u021biei, \u0219i o scrisoare semnat\u0103 de Tache Ionescu. Aceasta reprezint\u0103 un memento clar c\u0103 destinul Rom\u00e2niei a fost profund legat de Fran\u021ba \u0219i de Europa, indiferent de perioada sau conjunctura politic\u0103\u201d.<\/p>\n<p>\u201ePentru mine, aceasta a fost \u0219i o experien\u021b\u0103 cu relevan\u021b\u0103 personal\u0103. Am studiat \u0219i activat politic \u00een Fran\u021ba, iar \u00eentoarcerea la Paris, ca parte a delega\u021biei formate din reprezentan\u021bi ai mai multor grupuri politice, sub conducerea pre\u0219edintelui Camerei Deputa\u021bilor, Sorin Grindeanu, c\u0103ruia \u00eei mul\u021bumesc pentru invita\u021bie, are o semnifica\u021bie special\u0103. Discu\u021biile cu pre\u0219edinta Adun\u0103rii Na\u021bionale, doamna Ya\u00ebl Braun-Pivet, \u0219i cu colegii parlamentari s-au axat pe o Rom\u00e2nie ferm ancorat\u0103 \u00een proiectul pro-european, care construie\u0219te parteneriate solide cu toate statele membre, \u0219i cu Fran\u021ba \u00een mod special\u201d, a declarat Negrescu.<\/p>\n<p>Conform europarlamentarului, s-a pus un accent deosebit pe intensificarea cooper\u0103rii economice, colaborarea \u00een cadrul Mercosur \u0219i pe aspectele legate de bugetul european, dar \u0219i pe consolidarea dimensiunii de ap\u0103rare.<\/p>\n<p>Negrescu a subliniat c\u0103 prezen\u021ba militar\u0103 francez\u0103 \u00een Rom\u00e2nia eviden\u021biaz\u0103 angajamentul Fran\u021bei \u00een regiune \u0219i subliniaz\u0103 importan\u021ba coordon\u0103rii pe subiecte de interes major pentru ambele p\u0103r\u021bi.<\/p>\n","protected":false},"excerpt":{"rendered":"<p>Victor Negrescu a f\u0103cut o descoperire fascinant\u0103 \u00een biblioteca Adun\u0103rii Na\u021bionale a Republicii Franceze, pe care a \u00eemp\u0103rt\u0103\u0219it-o cu urm\u0103ritorii s\u0103i pe pagina sa de Facebook. Acesta a reg\u0103sit \u201eo parte din istoria noastr\u0103: h\u0103r\u021bi vechi ale Rom\u00e2niei \u0219i Transilvaniei, cu Alba Iulia \u00een centrul aten\u021biei, \u0219i o scrisoare semnat\u0103 de Tache Ionescu. Aceasta reprezint\u0103 [&hellip;]<\/p>\n","protected":false},"author":7,"featured_media":16690,"comment_status":"open","ping_status":"open","sticky":false,"template":"","format":"standard","meta":{"jnews-multi-image_gallery":[],"jnews_single_post":[],"jnews_primary_category":[],"jnews_override_counter":[],"footnotes":""},"categories":[43],"tags":[13842,18972,18971,7573,18975,18974,18973,3912],"class_list":["post-16689","post","type-post","status-publish","format-standard","has-post-thumbnail","hentry","category-cultura","tag-adunarea-nationala","tag-alba-iulia","tag-harti-vechi","tag-istorie-romaneasca","tag-politica-europeana","tag-relatii-romania-franta","tag-tache-ionescu","tag-victor-negrescu"],"_links":{"self":[{"href":"https:\/\/www.newsrecorder.ro\/app\/wp-json\/wp\/v2\/posts\/16689","targetHints":{"allow":["GET"]}}],"collection":[{"href":"https:\/\/www.newsrecorder.ro\/app\/wp-json\/wp\/v2\/posts"}],"about":[{"href":"https:\/\/www.newsrecorder.ro\/app\/wp-json\/wp\/v2\/types\/post"}],"author":[{"embeddable":true,"href":"https:\/\/www.newsrecorder.ro\/app\/wp-json\/wp\/v2\/users\/7"}],"replies":[{"embeddable":true,"href":"https:\/\/www.newsrecorder.ro\/app\/wp-json\/wp\/v2\/comments?post=16689"}],"version-history":[{"count":0,"href":"https:\/\/www.newsrecorder.ro\/app\/wp-json\/wp\/v2\/posts\/16689\/revisions"}],"wp:featuredmedia":[{"embeddable":true,"href":"https:\/\/www.newsrecorder.ro\/app\/wp-json\/wp\/v2\/media\/16690"}],"wp:attachment":[{"href":"https:\/\/www.newsrecorder.ro\/app\/wp-json\/wp\/v2\/media?parent=16689"}],"wp:term":[{"taxonomy":"category","embeddable":true,"href":"https:\/\/www.newsrecorder.ro\/app\/wp-json\/wp\/v2\/categories?post=16689"},{"taxonomy":"post_tag","embeddable":true,"href":"https:\/\/www.newsrecorder.ro\/app\/wp-json\/wp\/v2\/tags?post=16689"}],"curies":[{"name":"wp","href":"https:\/\/api.w.org\/{rel}","templated":true}]}}