{"id":16697,"date":"2026-04-29T20:15:34","date_gmt":"2026-04-29T20:15:34","guid":{"rendered":"https:\/\/www.newsrecorder.ro\/app\/2026\/04\/29\/bolojan-va-intra-in-cursa-pentru-presedintie-raspunsul-premierului\/"},"modified":"2026-04-29T20:15:34","modified_gmt":"2026-04-29T20:15:34","slug":"bolojan-va-intra-in-cursa-pentru-presedintie-raspunsul-premierului","status":"publish","type":"post","link":"https:\/\/www.newsrecorder.ro\/app\/2026\/04\/29\/bolojan-va-intra-in-cursa-pentru-presedintie-raspunsul-premierului\/","title":{"rendered":"Bolojan va intra \u00een cursa pentru Pre\u0219edin\u021bie? R\u0103spunsul premierului!"},"content":{"rendered":"<p>\u00centr-un recent interviu acordat la TVR 1, fostul pre\u0219edinte interimar \u0219i premier, Ilie Bolojan, a fost \u00eentrebat despre posibila sa candidatur\u0103 la alegerile preziden\u021biale. R\u0103spunsul s\u0103u a fost unul indirect, subliniind, \u00een schimb, experien\u021ba sa de 20 de ani \u00een func\u021bii executive. Bolojan a men\u021bionat c\u0103 a \u00eencercat s\u0103 aduc\u0103 schimb\u0103ri \u00een comunit\u0103\u021bi, at\u00e2t ca primar, c\u00e2t \u0219i \u00een calitate de pre\u0219edinte al Consiliului Jude\u021bean Bihor.<\/p>\n<p>\u201eIndiferent de situa\u021bie, voi r\u0103m\u00e2ne un om activ, dedicat \u00een a face ceea ce este necesar pentru Rom\u00e2nia. Pozi\u021bia ocupat\u0103 nu este cea care conteaz\u0103, ci ac\u021biunile pe care le \u00eentreprinzi\u201d, a afirmat premierul.<\/p>\n<p>Continu\u00e2nd discu\u021bia, jurnalistul a insistat: \u201eDeci, din ceea ce a\u021bi spus, nu a\u021bi exclus o candidatur\u0103, nu-i a\u0219a?\u201d.<\/p>\n<p>Bolojan a r\u0103spuns c\u0103, dac\u0103 ar fi dorit s\u0103 aspire la o anumit\u0103 func\u021bie, ar fi avut oportunitatea de a candida \u00een trecut. \u201eAm ac\u021bionat \u00een func\u021bie de circumstan\u021be \u0219i am respectat \u00een\u021belegerile stabilite\u201d, a ad\u0103ugat el.<\/p>\n<p>La final, fostul premier a subliniat importan\u021ba muncii \u00een echip\u0103. \u201eFie c\u0103 vorbim despre colega din guvern care se ocup\u0103 de cur\u0103\u021benie sau despre cei de la cele mai mici posturi, fiecare contribuie la rezultatul final al echipei. Este esen\u021bial s\u0103 faci tot ce depinde de tine, acolo unde te afli\u201d, a concluzionat Bolojan.<\/p>\n","protected":false},"excerpt":{"rendered":"<p>\u00centr-un recent interviu acordat la TVR 1, fostul pre\u0219edinte interimar \u0219i premier, Ilie Bolojan, a fost \u00eentrebat despre posibila sa candidatur\u0103 la alegerile preziden\u021biale. R\u0103spunsul s\u0103u a fost unul indirect, subliniind, \u00een schimb, experien\u021ba sa de 20 de ani \u00een func\u021bii executive. Bolojan a men\u021bionat c\u0103 a \u00eencercat s\u0103 aduc\u0103 schimb\u0103ri \u00een comunit\u0103\u021bi, at\u00e2t ca [&hellip;]<\/p>\n","protected":false},"author":2,"featured_media":16698,"comment_status":"open","ping_status":"open","sticky":false,"template":"","format":"standard","meta":{"jnews-multi-image_gallery":[],"jnews_single_post":[],"jnews_primary_category":[],"jnews_override_counter":[],"footnotes":""},"categories":[42],"tags":[2619,3434,2349,18984,7565,302,1045,149],"class_list":["post-16697","post","type-post","status-publish","format-standard","has-post-thumbnail","hentry","category-politica","tag-alegeri-prezidentiale","tag-candidatura","tag-comunitati","tag-consiliul-judetean-bihor","tag-experienta","tag-ilie-bolojan","tag-primar","tag-romania"],"_links":{"self":[{"href":"https:\/\/www.newsrecorder.ro\/app\/wp-json\/wp\/v2\/posts\/16697","targetHints":{"allow":["GET"]}}],"collection":[{"href":"https:\/\/www.newsrecorder.ro\/app\/wp-json\/wp\/v2\/posts"}],"about":[{"href":"https:\/\/www.newsrecorder.ro\/app\/wp-json\/wp\/v2\/types\/post"}],"author":[{"embeddable":true,"href":"https:\/\/www.newsrecorder.ro\/app\/wp-json\/wp\/v2\/users\/2"}],"replies":[{"embeddable":true,"href":"https:\/\/www.newsrecorder.ro\/app\/wp-json\/wp\/v2\/comments?post=16697"}],"version-history":[{"count":0,"href":"https:\/\/www.newsrecorder.ro\/app\/wp-json\/wp\/v2\/posts\/16697\/revisions"}],"wp:featuredmedia":[{"embeddable":true,"href":"https:\/\/www.newsrecorder.ro\/app\/wp-json\/wp\/v2\/media\/16698"}],"wp:attachment":[{"href":"https:\/\/www.newsrecorder.ro\/app\/wp-json\/wp\/v2\/media?parent=16697"}],"wp:term":[{"taxonomy":"category","embeddable":true,"href":"https:\/\/www.newsrecorder.ro\/app\/wp-json\/wp\/v2\/categories?post=16697"},{"taxonomy":"post_tag","embeddable":true,"href":"https:\/\/www.newsrecorder.ro\/app\/wp-json\/wp\/v2\/tags?post=16697"}],"curies":[{"name":"wp","href":"https:\/\/api.w.org\/{rel}","templated":true}]}}