{"id":16699,"date":"2026-04-29T20:15:50","date_gmt":"2026-04-29T20:15:50","guid":{"rendered":"https:\/\/www.newsrecorder.ro\/app\/2026\/04\/29\/bolojan-de-ce-a-intarziat-sa-aprinda-lumina-in-oras\/"},"modified":"2026-04-29T20:15:50","modified_gmt":"2026-04-29T20:15:50","slug":"bolojan-de-ce-a-intarziat-sa-aprinda-lumina-in-oras","status":"publish","type":"post","link":"https:\/\/www.newsrecorder.ro\/app\/2026\/04\/29\/bolojan-de-ce-a-intarziat-sa-aprinda-lumina-in-oras\/","title":{"rendered":"Bolojan: De ce a \u00eent\u00e2rziat s\u0103 \u201eaprind\u0103 lumina\u201d \u00een ora\u0219?"},"content":{"rendered":"<p>Ilie Bolojan a fost recent intervievat de TVR, unde a fost provocat cu \u00eentrebarea: \u201ePoate trebuia s\u0103 aprinde\u021bi lumina \u00eenc\u0103 din primele luni ale acestui mandat?\u201d. R\u0103spunsul s\u0103u a fost clar \u0219i bine fundamentat.<\/p>\n<p>\u201e\u00cen primul r\u00e2nd, era necesar s\u0103 \u00een\u021beleg unde se afl\u0103 c\u0103m\u0103rile guvern\u0103rii. Uneori, descoperirea acestor aspecte necesit\u0103 timp\u201d, a explicat Bolojan, subliniind importan\u021ba analiz\u0103rii situa\u021biei \u00eenainte de a lua m\u0103suri. De asemenea, a recunoscut c\u0103, \u00een timpul guvern\u0103rii, nu orice decizie poate fi implementat\u0103 perfect din prima. \u201eTrebuie s\u0103 ne g\u00e2ndim c\u0103 anumite ac\u021biuni au fost \u00eent\u00e2rziate sau au fost realizate cu o for\u021b\u0103 limitat\u0103. Contest\u0103rile la Curtea Constitu\u021bional\u0103 au \u00eengreunat procesul de corectare a problemelor din justi\u021bie, cum ar fi pension\u0103rile premature \u0219i discrepan\u021bele mari \u00een privin\u021ba pensiilor, care au generat nemul\u021bumiri semnificative\u201d, a ad\u0103ugat el.<\/p>\n<p>Premierul a subliniat, de asemenea, faptul c\u0103, \u00een activitatea guvernamental\u0103, la fel ca \u0219i \u00een via\u021ba de zi cu zi a fiec\u0103rei persoane, perfec\u021biunea nu este un standard realizabil. \u201eNimeni nu este perfect\u201d, a afirmat el, eviden\u021biind natura complex\u0103 a guvern\u0103rii.<\/p>\n<p>\u201eDac\u0103 a\u0219 fi convins c\u0103, prin renun\u021barea la acest post, lucrurile s-ar schimba radical, v-a\u0219 asigura c\u0103 nu ar exista nicio problem\u0103 s\u0103 fac acest pas. Totu\u0219i, trebuie s\u0103 \u00een\u021belegem c\u0103 schimb\u0103rile nu depind de o singur\u0103 persoan\u0103. Eu am \u00eentotdeauna dorit s\u0103 duc lucrurile p\u00e2n\u0103 la cap\u0103t \u0219i, \u00een fiecare func\u021bie pe care am ocupat-o, am \u00eencercat s\u0103 onorez \u00eencrederea oamenilor \u0219i responsabilitatea cu care am fost investit\u201d, a concluzionat Ilie Bolojan, eviden\u021biind angajamentul s\u0103u fa\u021b\u0103 de responsabilit\u0103\u021bile guvernamentale. <\/p>\n","protected":false},"excerpt":{"rendered":"<p>Ilie Bolojan a fost recent intervievat de TVR, unde a fost provocat cu \u00eentrebarea: \u201ePoate trebuia s\u0103 aprinde\u021bi lumina \u00eenc\u0103 din primele luni ale acestui mandat?\u201d. R\u0103spunsul s\u0103u a fost clar \u0219i bine fundamentat. \u201e\u00cen primul r\u00e2nd, era necesar s\u0103 \u00een\u021beleg unde se afl\u0103 c\u0103m\u0103rile guvern\u0103rii. Uneori, descoperirea acestor aspecte necesit\u0103 timp\u201d, a explicat Bolojan, [&hellip;]<\/p>\n","protected":false},"author":2,"featured_media":16700,"comment_status":"open","ping_status":"open","sticky":false,"template":"","format":"standard","meta":{"jnews-multi-image_gallery":[],"jnews_single_post":[],"jnews_primary_category":[],"jnews_override_counter":[],"footnotes":""},"categories":[42],"tags":[4777,2246,750,526,302,1319,3765,4084],"class_list":["post-16699","post","type-post","status-publish","format-standard","has-post-thumbnail","hentry","category-politica","tag-analiza","tag-curtea-constitutionala","tag-decizii","tag-guvernare","tag-ilie-bolojan","tag-justitie","tag-nemultumiri","tag-pensii"],"_links":{"self":[{"href":"https:\/\/www.newsrecorder.ro\/app\/wp-json\/wp\/v2\/posts\/16699","targetHints":{"allow":["GET"]}}],"collection":[{"href":"https:\/\/www.newsrecorder.ro\/app\/wp-json\/wp\/v2\/posts"}],"about":[{"href":"https:\/\/www.newsrecorder.ro\/app\/wp-json\/wp\/v2\/types\/post"}],"author":[{"embeddable":true,"href":"https:\/\/www.newsrecorder.ro\/app\/wp-json\/wp\/v2\/users\/2"}],"replies":[{"embeddable":true,"href":"https:\/\/www.newsrecorder.ro\/app\/wp-json\/wp\/v2\/comments?post=16699"}],"version-history":[{"count":0,"href":"https:\/\/www.newsrecorder.ro\/app\/wp-json\/wp\/v2\/posts\/16699\/revisions"}],"wp:featuredmedia":[{"embeddable":true,"href":"https:\/\/www.newsrecorder.ro\/app\/wp-json\/wp\/v2\/media\/16700"}],"wp:attachment":[{"href":"https:\/\/www.newsrecorder.ro\/app\/wp-json\/wp\/v2\/media?parent=16699"}],"wp:term":[{"taxonomy":"category","embeddable":true,"href":"https:\/\/www.newsrecorder.ro\/app\/wp-json\/wp\/v2\/categories?post=16699"},{"taxonomy":"post_tag","embeddable":true,"href":"https:\/\/www.newsrecorder.ro\/app\/wp-json\/wp\/v2\/tags?post=16699"}],"curies":[{"name":"wp","href":"https:\/\/api.w.org\/{rel}","templated":true}]}}