{"id":16701,"date":"2026-04-29T20:16:06","date_gmt":"2026-04-29T20:16:06","guid":{"rendered":"https:\/\/www.newsrecorder.ro\/app\/2026\/04\/29\/premierul-bolojan-lipsa-transparentei-afecteaza-randamentul\/"},"modified":"2026-04-29T20:16:06","modified_gmt":"2026-04-29T20:16:06","slug":"premierul-bolojan-lipsa-transparentei-afecteaza-randamentul","status":"publish","type":"post","link":"https:\/\/www.newsrecorder.ro\/app\/2026\/04\/29\/premierul-bolojan-lipsa-transparentei-afecteaza-randamentul\/","title":{"rendered":"\u201ePremierul Bolojan: Lipsa transparen\u021bei afecteaz\u0103 randamentul!\u201d"},"content":{"rendered":"<p class=\"font-claude-response-body break-words whitespace-normal leading-[1.7]\">Pre\u0219edintele PNL, Bolojan, a subliniat c\u0103 partidul s\u0103u nu poate ignora evenimentele recente din peisajul politic. Acesta a men\u021bionat c\u0103 pre\u0219edintele ar putea solicita men\u021binerea unei coali\u021bii pro-europene, dar r\u0103spunsul r\u0103m\u00e2ne constant.<\/p>\n<p class=\"font-claude-response-body break-words whitespace-normal leading-[1.7]\">\u201eDac\u0103 cineva nu te respect\u0103, dac\u0103 minte constant \u0219i nu respect\u0103 niciun acord, nu putem continua o coali\u021bie cu un asemenea partid\u201d, a declarat premierul, eviden\u021biind c\u0103 responsabilitatea actualei crize politice se afl\u0103 \u201e\u00een curtea PSD\u201d.<\/p>\n<p class=\"font-claude-response-body break-words whitespace-normal leading-[1.7]\">Bolojan a explicat cum instabilitatea politic\u0103 afecteaz\u0103 capacitatea de ac\u021biune a Guvernului. \u201eC\u00e2nd nu \u0219tii cine \u00ee\u021bi va fi \u0219ef, c\u00e2nd se schimb\u0103 secretarul general, iar unii demisioneaz\u0103 \u0219i al\u021bii sunt amenin\u021ba\u021bi cu demiterea, eficien\u021ba aparatului guvernamental scade. Este logic\u201d, a ad\u0103ugat acesta.<\/p>\n<p class=\"font-claude-response-body break-words whitespace-normal leading-[1.7]\">El a subliniat, de asemenea, c\u0103 absorb\u021bia fondurilor europene \u0219i respectarea termenelor din PNRR reprezint\u0103 provoc\u0103ri serioase care necesit\u0103 decizii ferme \u0219i acorduri clare.<\/p>\n<p class=\"font-claude-response-body break-words whitespace-normal leading-[1.7]\">\u00cen ceea ce prive\u0219te viitorul PNL dup\u0103 mo\u021biune, Bolojan a afirmat c\u0103 partidul va participa la consult\u0103rile cu pre\u0219edintele cu o pozi\u021bie stabil\u0103, bazat\u0103 pe deciziile deja adoptate.<\/p>\n<p class=\"font-claude-response-body break-words whitespace-normal leading-[1.7]\">\u201ePutem face parte dintr-o guvernare, dar nu putem r\u0103m\u00e2ne \u00eentr-o coali\u021bie cu PSD\u201d, a declarat el, l\u0103s\u00e2nd totu\u0219i o poart\u0103 deschis\u0103: \u00een cazul \u00een care cineva din conducerea PSD ar accepta responsabilitatea pentru aceast\u0103 criz\u0103, situa\u021bia ar putea fi discutat\u0103, de\u0219i Bolojan consider\u0103 c\u0103 un astfel de scenariu este pu\u021bin probabil.<\/p>\n<p class=\"font-claude-response-body break-words whitespace-normal leading-[1.7]\">Premierul a concluzionat c\u0103 niciun partid nu este destinat s\u0103 r\u0103m\u00e2n\u0103 la guvernare pe termen nelimitat. \u201eDac\u0103 nu exist\u0103 o alt\u0103 solu\u021bie, PNL trebuie s\u0103 construiasc\u0103 un pol de modernizare, care, \u00een circumstan\u021be extreme, poate fi creat \u0219i din opozi\u021bie\u201d, a afirmat el.<\/p>\n","protected":false},"excerpt":{"rendered":"<p>Pre\u0219edintele PNL, Bolojan, a subliniat c\u0103 partidul s\u0103u nu poate ignora evenimentele recente din peisajul politic. Acesta a men\u021bionat c\u0103 pre\u0219edintele ar putea solicita men\u021binerea unei coali\u021bii pro-europene, dar r\u0103spunsul r\u0103m\u00e2ne constant. \u201eDac\u0103 cineva nu te respect\u0103, dac\u0103 minte constant \u0219i nu respect\u0103 niciun acord, nu putem continua o coali\u021bie cu un asemenea partid\u201d, a [&hellip;]<\/p>\n","protected":false},"author":2,"featured_media":16702,"comment_status":"open","ping_status":"open","sticky":false,"template":"","format":"standard","meta":{"jnews-multi-image_gallery":[],"jnews_single_post":[],"jnews_primary_category":[],"jnews_override_counter":[],"footnotes":""},"categories":[42],"tags":[1298,636,1766,5893,627,1299,269,300],"class_list":["post-16701","post","type-post","status-publish","format-standard","has-post-thumbnail","hentry","category-politica","tag-bolojan","tag-coalitie","tag-fonduri-europene","tag-instabilitate","tag-pnl","tag-pnr","tag-politica","tag-psd"],"_links":{"self":[{"href":"https:\/\/www.newsrecorder.ro\/app\/wp-json\/wp\/v2\/posts\/16701","targetHints":{"allow":["GET"]}}],"collection":[{"href":"https:\/\/www.newsrecorder.ro\/app\/wp-json\/wp\/v2\/posts"}],"about":[{"href":"https:\/\/www.newsrecorder.ro\/app\/wp-json\/wp\/v2\/types\/post"}],"author":[{"embeddable":true,"href":"https:\/\/www.newsrecorder.ro\/app\/wp-json\/wp\/v2\/users\/2"}],"replies":[{"embeddable":true,"href":"https:\/\/www.newsrecorder.ro\/app\/wp-json\/wp\/v2\/comments?post=16701"}],"version-history":[{"count":0,"href":"https:\/\/www.newsrecorder.ro\/app\/wp-json\/wp\/v2\/posts\/16701\/revisions"}],"wp:featuredmedia":[{"embeddable":true,"href":"https:\/\/www.newsrecorder.ro\/app\/wp-json\/wp\/v2\/media\/16702"}],"wp:attachment":[{"href":"https:\/\/www.newsrecorder.ro\/app\/wp-json\/wp\/v2\/media?parent=16701"}],"wp:term":[{"taxonomy":"category","embeddable":true,"href":"https:\/\/www.newsrecorder.ro\/app\/wp-json\/wp\/v2\/categories?post=16701"},{"taxonomy":"post_tag","embeddable":true,"href":"https:\/\/www.newsrecorder.ro\/app\/wp-json\/wp\/v2\/tags?post=16701"}],"curies":[{"name":"wp","href":"https:\/\/api.w.org\/{rel}","templated":true}]}}