{"id":16715,"date":"2026-04-29T21:17:18","date_gmt":"2026-04-29T21:17:18","guid":{"rendered":"https:\/\/www.newsrecorder.ro\/app\/2026\/04\/29\/diana-buzoianu-un-guvern-care-sa-inspire-speranta-nu-revolta\/"},"modified":"2026-04-29T21:17:18","modified_gmt":"2026-04-29T21:17:18","slug":"diana-buzoianu-un-guvern-care-sa-inspire-speranta-nu-revolta","status":"publish","type":"post","link":"https:\/\/www.newsrecorder.ro\/app\/2026\/04\/29\/diana-buzoianu-un-guvern-care-sa-inspire-speranta-nu-revolta\/","title":{"rendered":"Diana Buzoianu: Un guvern care s\u0103 inspire speran\u021b\u0103, nu revolt\u0103!"},"content":{"rendered":"<p>Ministrul Mediului, Diana Buzoianu, a declarat miercuri sear\u0103, \u00eentr-un interviu la B1 TV, c\u0103 mi\u0219c\u0103rile extremiste c\u00e2\u0219tig\u0103 teren din cauza revoltei cet\u0103\u021benilor \u00eempotriva corup\u021biei \u0219i nep\u0103s\u0103rii autorit\u0103\u021bilor. Ea a subliniat c\u0103 guvernul trebuie s\u0103 ac\u021bioneze pentru a corecta aceste probleme \u0219i a restabili \u00eencrederea \u00een institu\u021bii.<\/p>\n<p>Buzoianu a subliniat c\u0103 tolerarea intereselor de grup \u0219i a re\u021belelor care profit\u0103 de pe urma fondurilor publice nu mai este o op\u021biune. Actuala putere are responsabilitatea de a demonstra c\u0103 institu\u021biile pot fi reformate \u0219i pot servi adev\u0103ratelor nevoi ale cet\u0103\u021benilor.<\/p>\n<p>\u201eProblema cea mai grav\u0103 este aceea de a nu mai \u00eenchide ochii la corup\u021bie \u0219i de a nu permite ca &#8216;b\u0103ie\u021bii de\u0219tep\u021bi&#8217; s\u0103 continue s\u0103 profite de pe urma banilor publici\u201d, a afirmat Buzoianu, eviden\u021biind astfel frustarea societ\u0103\u021bii.<\/p>\n<p>Ministrul a avertizat c\u0103, dac\u0103 reformele necesare nu vor continua, votul de protest al cet\u0103\u021benilor s-ar putea transforma \u00eentr-o majoritate radical\u0103, care ar putea afecta grav drepturile fundamentale ale rom\u00e2nilor. \u201eDac\u0103 nu ne facem treaba acum \u0219i nu livr\u0103m reformele dorite, \u00een 2028, fiecare dintre drepturile noastre fundamentale vor fi atacate de o majoritate extremist\u0103 care va intra \u00een Parlament pe valul revoltei\u201d, a declarat ea.<\/p>\n<p>Obiectivul guvern\u0103rii actuale, conform ministrului USR, ar trebui s\u0103 fie schimbarea rela\u021biei dintre institu\u021biile publice \u0219i cet\u0103\u021beni, astfel \u00eenc\u00e2t s\u0103 nu exist\u0103 un vot de revolt\u0103. \u201eVreau ca acest guvern s\u0103 insufle speran\u021b\u0103 rom\u00e2nilor \u0219i s\u0103 nu contribuie la o situa\u021bie care s\u0103 duc\u0103 la revolt\u0103 p\u00e2n\u0103 \u00een 2028\u201d, a subliniat Buzoianu.<\/p>\n<p>Referitor la mo\u021biunea de cenzur\u0103 \u00eenaintat\u0103 de PSD \u0219i AUR, Buzoianu a afirmat c\u0103 USR, spre deosebire de alte partide, nu inten\u021bioneaz\u0103 s\u0103 fac\u0103 r\u0103u rom\u00e2nilor. \u201eNe asum\u0103m responsabilitatea \u0219i, spre deosebire de PSD, de exemplu, nu dorim s\u0103 provoc\u0103m daune prin aceast\u0103 criz\u0103 artificial creat\u0103. Scopul nostru este s\u0103 cur\u0103\u021b\u0103m institu\u021biile, iar acest lucru se poate realiza doar prin m\u0103suri concrete\u201d, a explicat ea.<\/p>\n<p>\u00cen plus, Diana Buzoianu a pledat pentru men\u021binerea direc\u021biei occidentale a Rom\u00e2niei, subliniind c\u0103 \u021bara nu poate face fa\u021b\u0103 provoc\u0103rilor regionale \u0219i globale f\u0103r\u0103 sprijin extern. \u201eCa stat singular, nu putem \u00eenfrunta crizele politice europene sau interna\u021bionale. F\u0103r\u0103 un suport real din partea Uniunii Europene \u0219i NATO, suntem mult mai vulnerabili\u201d, a afirmat ministrul.<\/p>\n<p>De asemenea, ea a accentuat importan\u021ba parteneriatelor externe \u0219i a apartenen\u021bei la structurile euroatlantice pentru securitatea \u0219i prosperitatea Rom\u00e2niei. \u201e\u00cemi doresc ca rom\u00e2nii s\u0103 fie proteja\u021bi \u0219i s\u0103 prospere, dar acest lucru nu se poate realiza \u00een izolare, f\u0103r\u0103 colaborare interna\u021bional\u0103\u201d, a concluzionat Diana Buzoianu.<\/p>\n","protected":false},"excerpt":{"rendered":"<p>Ministrul Mediului, Diana Buzoianu, a declarat miercuri sear\u0103, \u00eentr-un interviu la B1 TV, c\u0103 mi\u0219c\u0103rile extremiste c\u00e2\u0219tig\u0103 teren din cauza revoltei cet\u0103\u021benilor \u00eempotriva corup\u021biei \u0219i nep\u0103s\u0103rii autorit\u0103\u021bilor. Ea a subliniat c\u0103 guvernul trebuie s\u0103 ac\u021bioneze pentru a corecta aceste probleme \u0219i a restabili \u00eencrederea \u00een institu\u021bii. Buzoianu a subliniat c\u0103 tolerarea intereselor de grup \u0219i [&hellip;]<\/p>\n","protected":false},"author":2,"featured_media":16716,"comment_status":"open","ping_status":"open","sticky":false,"template":"","format":"standard","meta":{"jnews-multi-image_gallery":[],"jnews_single_post":[],"jnews_primary_category":[],"jnews_override_counter":[],"footnotes":""},"categories":[42],"tags":[289,1076,301,210,5652,18999,1057,319],"class_list":["post-16715","post","type-post","status-publish","format-standard","has-post-thumbnail","hentry","category-politica","tag-cetateni","tag-coruptie","tag-guvern","tag-incredere","tag-institutii","tag-miscari-extremiste","tag-reforme","tag-responsabilitate"],"_links":{"self":[{"href":"https:\/\/www.newsrecorder.ro\/app\/wp-json\/wp\/v2\/posts\/16715","targetHints":{"allow":["GET"]}}],"collection":[{"href":"https:\/\/www.newsrecorder.ro\/app\/wp-json\/wp\/v2\/posts"}],"about":[{"href":"https:\/\/www.newsrecorder.ro\/app\/wp-json\/wp\/v2\/types\/post"}],"author":[{"embeddable":true,"href":"https:\/\/www.newsrecorder.ro\/app\/wp-json\/wp\/v2\/users\/2"}],"replies":[{"embeddable":true,"href":"https:\/\/www.newsrecorder.ro\/app\/wp-json\/wp\/v2\/comments?post=16715"}],"version-history":[{"count":0,"href":"https:\/\/www.newsrecorder.ro\/app\/wp-json\/wp\/v2\/posts\/16715\/revisions"}],"wp:featuredmedia":[{"embeddable":true,"href":"https:\/\/www.newsrecorder.ro\/app\/wp-json\/wp\/v2\/media\/16716"}],"wp:attachment":[{"href":"https:\/\/www.newsrecorder.ro\/app\/wp-json\/wp\/v2\/media?parent=16715"}],"wp:term":[{"taxonomy":"category","embeddable":true,"href":"https:\/\/www.newsrecorder.ro\/app\/wp-json\/wp\/v2\/categories?post=16715"},{"taxonomy":"post_tag","embeddable":true,"href":"https:\/\/www.newsrecorder.ro\/app\/wp-json\/wp\/v2\/tags?post=16715"}],"curies":[{"name":"wp","href":"https:\/\/api.w.org\/{rel}","templated":true}]}}