{"id":16717,"date":"2026-04-30T00:12:44","date_gmt":"2026-04-30T00:12:44","guid":{"rendered":"https:\/\/www.newsrecorder.ro\/app\/2026\/04\/30\/trump-ia-in-calcul-retragerea-trupelor-americane-din-germania\/"},"modified":"2026-04-30T00:12:44","modified_gmt":"2026-04-30T00:12:44","slug":"trump-ia-in-calcul-retragerea-trupelor-americane-din-germania","status":"publish","type":"post","link":"https:\/\/www.newsrecorder.ro\/app\/2026\/04\/30\/trump-ia-in-calcul-retragerea-trupelor-americane-din-germania\/","title":{"rendered":"Trump ia \u00een calcul retragerea trupelor americane din Germania!"},"content":{"rendered":"<p style=\"text-align: left\">Recent, liderul de la Washington a f\u0103cut un anun\u021b important prin intermediul platformei sale Truth Social. Acesta a precizat c\u0103 administra\u021bia american\u0103 evalueaz\u0103 \u00een prezent posibilitatea reducerii efectivelor militare din Germania, iar o decizie final\u0103 ar putea fi luat\u0103 \u00een cur\u00e2nd.<\/p>\n<p style=\"text-align: left\">\u201eStatele Unite analizeaz\u0103 \u0219i examineaz\u0103 \u00een prezent posibilitatea unei reduceri a efectivelor militare din Germania, iar o decizie va fi luat\u0103 foarte cur\u00e2nd\u201d, a declarat Donald Trump, conform <a href=\"https:\/\/www.lefigaro.fr\/international\/trump-reflechit-a-reduire-les-forces-armees-americaines-stationnees-en-allemagne-20260430\" target=\"_blank\" rel=\"noopener\">Le Figaro<\/a>.<\/p>\n<p style=\"text-align: left\">Aceast\u0103 discu\u021bie privind o eventual\u0103 reducere a for\u021belor americane din Germania a fost intensificat\u0103 de tensiunile dintre Washington \u0219i Berlin, generate de diferitele pozi\u021bii adoptate \u00een leg\u0103tur\u0103 cu conflictul din Iran.<\/p>\n<p style=\"text-align: left\">Cancelarul german a subliniat c\u0103 Iranul este mai puternic dec\u00e2t se anticipa, critic\u00e2nd totodat\u0103 absen\u021ba unei strategii conving\u0103toare din partea Statelor Unite \u00een negocierile cu Teheranul. De asemenea, Merz a men\u021bionat c\u0103 liderii iranieni \u201eumilesc\u201d SUA, determin\u00e2nd oficialii americani s\u0103 c\u0103l\u0103toreasc\u0103 \u00een Pakistan f\u0103r\u0103 a ob\u021bine rezultate concrete.<\/p>\n<p style=\"text-align: left\">\u00cen reac\u021bia sa, Donald Trump l-a atacat pe cancelarul german, suger\u00e2nd c\u0103 acesta ar considera acceptabil ca Iranul s\u0103 aib\u0103 acces la arme nucleare. Totu\u0219i, Merz a respins aceast\u0103 afirma\u021bie, reafirm\u00e2nd c\u0103 Iranul nu ar trebui s\u0103 de\u021bin\u0103 armament nuclear.<\/p>\n<p style=\"text-align: left\">Este important de men\u021bionat c\u0103 Germania joac\u0103 un rol esen\u021bial \u00een structura NATO, g\u0103zduind cea mai mare prezen\u021b\u0103 militar\u0103 american\u0103 din Europa, cu un contingent de aproximativ 35.000\u201338.000 de solda\u021bi. Baze precum Ramstein Air Base \u0219i facilit\u0103\u021bile din Bavaria (Grafenw\u00f6hr\/Vilseck) servesc drept centre logistice \u0219i de antrenament vitale pentru opera\u021biuni \u00een Europa \u0219i Africa. O eventual\u0103 reducere a trupelor ar avea un impact considerabil asupra arhitecturii de securitate a Europei.<\/p>\n<p style=\"text-align: left\">P\u00e2n\u0103 \u00een prezent, Casa Alb\u0103 nu a furnizat informa\u021bii suplimentare referitoare la amploarea unei posibile reduceri sau la calendarul exact al retragerii par\u021biale a trupelor.<\/p>\n","protected":false},"excerpt":{"rendered":"<p>Recent, liderul de la Washington a f\u0103cut un anun\u021b important prin intermediul platformei sale Truth Social. Acesta a precizat c\u0103 administra\u021bia american\u0103 evalueaz\u0103 \u00een prezent posibilitatea reducerii efectivelor militare din Germania, iar o decizie final\u0103 ar putea fi luat\u0103 \u00een cur\u00e2nd. \u201eStatele Unite analizeaz\u0103 \u0219i examineaz\u0103 \u00een prezent posibilitatea unei reduceri a efectivelor militare din [&hellip;]<\/p>\n","protected":false},"author":2,"featured_media":16718,"comment_status":"open","ping_status":"open","sticky":false,"template":"","format":"standard","meta":{"jnews-multi-image_gallery":[],"jnews_single_post":[],"jnews_primary_category":[],"jnews_override_counter":[],"footnotes":""},"categories":[39],"tags":[1327,12344,676,686,19000,680,1357,1735],"class_list":["post-16717","post","type-post","status-publish","format-standard","has-post-thumbnail","hentry","category-stirile-zilei","tag-berlin","tag-conflictul-din-iran","tag-germania","tag-negocieri","tag-reducerea-efectivelor-militare","tag-statele-unite","tag-tensiuni","tag-trump"],"_links":{"self":[{"href":"https:\/\/www.newsrecorder.ro\/app\/wp-json\/wp\/v2\/posts\/16717","targetHints":{"allow":["GET"]}}],"collection":[{"href":"https:\/\/www.newsrecorder.ro\/app\/wp-json\/wp\/v2\/posts"}],"about":[{"href":"https:\/\/www.newsrecorder.ro\/app\/wp-json\/wp\/v2\/types\/post"}],"author":[{"embeddable":true,"href":"https:\/\/www.newsrecorder.ro\/app\/wp-json\/wp\/v2\/users\/2"}],"replies":[{"embeddable":true,"href":"https:\/\/www.newsrecorder.ro\/app\/wp-json\/wp\/v2\/comments?post=16717"}],"version-history":[{"count":0,"href":"https:\/\/www.newsrecorder.ro\/app\/wp-json\/wp\/v2\/posts\/16717\/revisions"}],"wp:featuredmedia":[{"embeddable":true,"href":"https:\/\/www.newsrecorder.ro\/app\/wp-json\/wp\/v2\/media\/16718"}],"wp:attachment":[{"href":"https:\/\/www.newsrecorder.ro\/app\/wp-json\/wp\/v2\/media?parent=16717"}],"wp:term":[{"taxonomy":"category","embeddable":true,"href":"https:\/\/www.newsrecorder.ro\/app\/wp-json\/wp\/v2\/categories?post=16717"},{"taxonomy":"post_tag","embeddable":true,"href":"https:\/\/www.newsrecorder.ro\/app\/wp-json\/wp\/v2\/tags?post=16717"}],"curies":[{"name":"wp","href":"https:\/\/api.w.org\/{rel}","templated":true}]}}