{"id":16719,"date":"2026-04-30T00:13:06","date_gmt":"2026-04-30T00:13:06","guid":{"rendered":"https:\/\/www.newsrecorder.ro\/app\/2026\/04\/30\/brasov-investeste-masiv-in-educatie-si-cultura-detalii-surprinzatoare\/"},"modified":"2026-04-30T00:13:06","modified_gmt":"2026-04-30T00:13:06","slug":"brasov-investeste-masiv-in-educatie-si-cultura-detalii-surprinzatoare","status":"publish","type":"post","link":"https:\/\/www.newsrecorder.ro\/app\/2026\/04\/30\/brasov-investeste-masiv-in-educatie-si-cultura-detalii-surprinzatoare\/","title":{"rendered":"Bra\u0219ov investe\u0219te masiv \u00een educa\u021bie \u0219i cultur\u0103: detalii surprinz\u0103toare!"},"content":{"rendered":"<p style=\"text-align: left\">Cre\u0219terea semnificativ\u0103 a bugetului pentru anul acesta se reflect\u0103 \u00een aloc\u0103rile pentru dezvoltare, care au crescut de la 386 de milioane de lei anul trecut la 513 milioane de lei \u00een 2026. Aceasta reprezint\u0103 o majorare de peste 130 de milioane de lei. De\u0219i cheltuielile de func\u021bionare r\u0103m\u00e2n constant la nivelul anului 2025, aceste investi\u021bii subliniaz\u0103 angajamentul administra\u021biei locale pentru progres.<\/p>\n<p style=\"text-align: left\">Bugetul, aprobat miercuri, a fost elaborat av\u00e2nd \u00een vedere un deficit estimat de aproximativ 30-40 de milioane de lei \u0219i venituri mai reduse dec\u00e2t \u00een 2025, conform declara\u021biilor primarului George Scripcaru.<\/p>\n<p style=\"text-align: left\">Primarul a subliniat c\u0103, \u00een ciuda provoc\u0103rilor financiare, bugetul reu\u0219e\u0219te s\u0103 r\u0103spund\u0103 nevoilor ora\u0219ului \u0219i s\u0103 men\u021bin\u0103 o rat\u0103 ridicat\u0103 a investi\u021biilor: \u201eBugetul este echilibrat \u0219i reflect\u0103 necesit\u0103\u021bile ora\u0219ului. Avem un capitol semnificativ dedicat investi\u021biilor \u0219i sume considerabile alocate pentru dezvoltare\u201d.<\/p>\n<p style=\"text-align: left\">Un proiect emblematic care se dezvolt\u0103 este construc\u021bia Spitalului de Pneumoftiziologie \u0219i Boli Infec\u021bioase, pentru care s-a semnat un contract de finan\u021bare de peste 580 de milioane de lei, provenind din fonduri europene nerambursabile.<\/p>\n<p style=\"text-align: left\">\u201eAceasta reprezint\u0103 o contribu\u021bie de peste 100 de milioane de euro la capitolul venituri. Astfel, bugetul aprobat devine \u0219i mai generos, av\u00e2nd \u00een vedere aceste sume\u201d, a ad\u0103ugat primarul.<\/p>\n<p style=\"text-align: left\">\u00cen ultimele zile, au fost semnate mai multe contracte, iar valoarea total\u0103 a fondurilor nerambursabile atrase se apropie de impresionanta sum\u0103 de 140 de milioane de euro.<\/p>\n<p style=\"text-align: left\">Pe l\u00e2ng\u0103 s\u0103n\u0103tate, educa\u021bia \u0219i cultura beneficiaz\u0103 de o aten\u021bie sporit\u0103 \u00een bugetul pentru 2026, cu cre\u0219teri at\u00e2t la capitolul investi\u021bii, c\u00e2t \u0219i \u00een cheltuielile de func\u021bionare. Fonduri sunt alocate \u0219i pentru proiectele culturale independente, care vor fi gestionate prin intermediul Centrului Cultural Apollonia, responsabil de coordonarea finan\u021b\u0103rii acestora la nivel local.<\/p>\n<p style=\"text-align: left\">Primarul George Scripcaru a men\u021bionat c\u0103 procesul de alocare a fondurilor va suferi modific\u0103ri, av\u00e2nd \u00een vedere problemele \u00eent\u00e2mpinate \u00een trecut, c\u00e2nd unele proiecte nu au reu\u0219it s\u0103 justifice cheltuielile sau nu au achitat drepturile de autor. \u201eNu este normal s\u0103 oferi un avans de 85% \u0219i, ulterior, s\u0103 nu justifici cheltuielile. Vom stabili reguli noi pentru a \u00eembun\u0103t\u0103\u021bi acest proces\u201d, a declarat edilul.<\/p>\n<p style=\"text-align: left\">Bugetul pentru 2026 a fost adoptat cu \u00eent\u00e2rziere, dup\u0103 patru luni \u00een care ora\u0219ul a func\u021bionat pe baza unor sume provizorii din anul precedent. \u201eA trebuit s\u0103 recuper\u0103m cei 40 de milioane \u0219i s\u0103 ne asigur\u0103m c\u0103 toate necesit\u0103\u021bile financiare ale ora\u0219ului sunt acoperite\u201d, a explicat primarul Scripcaru.<\/p>\n","protected":false},"excerpt":{"rendered":"<p>Cre\u0219terea semnificativ\u0103 a bugetului pentru anul acesta se reflect\u0103 \u00een aloc\u0103rile pentru dezvoltare, care au crescut de la 386 de milioane de lei anul trecut la 513 milioane de lei \u00een 2026. Aceasta reprezint\u0103 o majorare de peste 130 de milioane de lei. De\u0219i cheltuielile de func\u021bionare r\u0103m\u00e2n constant la nivelul anului 2025, aceste investi\u021bii [&hellip;]<\/p>\n","protected":false},"author":2,"featured_media":16720,"comment_status":"open","ping_status":"open","sticky":false,"template":"","format":"standard","meta":{"jnews-multi-image_gallery":[],"jnews_single_post":[],"jnews_primary_category":[],"jnews_override_counter":[],"footnotes":""},"categories":[39],"tags":[7965,1068,167,160,1178,420,19001,1045],"class_list":["post-16719","post","type-post","status-publish","format-standard","has-post-thumbnail","hentry","category-stirile-zilei","tag-administratie-locala","tag-buget","tag-cheltuieli","tag-deficit","tag-dezvoltare","tag-investitii","tag-oras","tag-primar"],"_links":{"self":[{"href":"https:\/\/www.newsrecorder.ro\/app\/wp-json\/wp\/v2\/posts\/16719","targetHints":{"allow":["GET"]}}],"collection":[{"href":"https:\/\/www.newsrecorder.ro\/app\/wp-json\/wp\/v2\/posts"}],"about":[{"href":"https:\/\/www.newsrecorder.ro\/app\/wp-json\/wp\/v2\/types\/post"}],"author":[{"embeddable":true,"href":"https:\/\/www.newsrecorder.ro\/app\/wp-json\/wp\/v2\/users\/2"}],"replies":[{"embeddable":true,"href":"https:\/\/www.newsrecorder.ro\/app\/wp-json\/wp\/v2\/comments?post=16719"}],"version-history":[{"count":0,"href":"https:\/\/www.newsrecorder.ro\/app\/wp-json\/wp\/v2\/posts\/16719\/revisions"}],"wp:featuredmedia":[{"embeddable":true,"href":"https:\/\/www.newsrecorder.ro\/app\/wp-json\/wp\/v2\/media\/16720"}],"wp:attachment":[{"href":"https:\/\/www.newsrecorder.ro\/app\/wp-json\/wp\/v2\/media?parent=16719"}],"wp:term":[{"taxonomy":"category","embeddable":true,"href":"https:\/\/www.newsrecorder.ro\/app\/wp-json\/wp\/v2\/categories?post=16719"},{"taxonomy":"post_tag","embeddable":true,"href":"https:\/\/www.newsrecorder.ro\/app\/wp-json\/wp\/v2\/tags?post=16719"}],"curies":[{"name":"wp","href":"https:\/\/api.w.org\/{rel}","templated":true}]}}