{"id":16731,"date":"2026-04-30T03:31:44","date_gmt":"2026-04-30T03:31:44","guid":{"rendered":"https:\/\/www.newsrecorder.ro\/app\/2026\/04\/30\/tadej-pogacar-straluceste-la-tour-de-romandie-victorie-si-lider\/"},"modified":"2026-04-30T03:31:44","modified_gmt":"2026-04-30T03:31:44","slug":"tadej-pogacar-straluceste-la-tour-de-romandie-victorie-si-lider","status":"publish","type":"post","link":"https:\/\/www.newsrecorder.ro\/app\/2026\/04\/30\/tadej-pogacar-straluceste-la-tour-de-romandie-victorie-si-lider\/","title":{"rendered":"Tadej Poga\u010dar str\u0103luce\u0219te la Tour de Romandie: victorie \u0219i lider!"},"content":{"rendered":"<p>Dup\u0103 impresionanta sa victorie de duminic\u0103 \u00een cursa clasic\u0103 Li\u00e8ge-Bastogne-Li\u00e8ge, Tadej Poga\u010dar, ciclistul de la echipa UAE Team Emirates-XRG, a reu\u0219it s\u0103 ob\u021bin\u0103 al cincilea s\u0103u succes al sezonului 2026, \u00een doar a \u0219aptea zi de competi\u021bie din acest an.<\/p>\n<p>Etapa de miercuri din cadrul Tour de Romandie a marcat prima ascensiune montan\u0103 semnificativ\u0103 a acestei edi\u021bii, aduc\u00e2nd cu sine provoc\u0103ri majore pentru concuren\u021bi.<\/p>\n<p>Atacul decisiv al lui Poga\u010dar a avut loc pe urcarea spre Ovronnaz, moment \u00een care a reu\u0219it s\u0103 rup\u0103 ritmul plutonului, l\u0103s\u00e2nd \u00een urm\u0103 un grup format din patru rutieri.<\/p>\n<p>Finalul cursei s-a transformat \u00eentr-un sprint dramatic \u00een localitatea Martigny. Aici, campionul mondial a demonstrat din nou calit\u0103\u021bile sale excep\u021bionale, \u00eenvins\u00e2ndu-i pe Florian Lipowitz \u0219i Lenny Martinez \u00eentr-o lupt\u0103 str\u00e2ns\u0103, \u00een condi\u021biile \u00een care diferen\u021ba fa\u021b\u0103 de grupul urm\u0103ritor a sc\u0103zut considerabil \u00een ultimele momente ale cursei.<\/p>\n<p>\u00cen ciuda eforturilor grupului din urm\u0103, care includea \u0219i cicli\u0219ti de renume precum Primo\u017e Rogli\u010d, c\u00e2\u0219tig\u0103torul Turului Spaniei \u0219i al Italiei, ace\u0219tia nu au reu\u0219it s\u0103 ajung\u0103 din urm\u0103 liderii cursei.<\/p>\n<p>Prin aceast\u0103 victorie, Tadej Poga\u010dar \u0219i-a consolidat pozi\u021bia \u00een clasamentul general, urc\u00e2nd pe prima treapt\u0103. Slovenul are un avans de \u0219apte secunde fa\u021b\u0103 de Lipowitz, \u00een timp ce Martinez se afl\u0103 pe locul trei, la o diferen\u021b\u0103 de 16 secunde.<\/p>\n","protected":false},"excerpt":{"rendered":"<p>Dup\u0103 impresionanta sa victorie de duminic\u0103 \u00een cursa clasic\u0103 Li\u00e8ge-Bastogne-Li\u00e8ge, Tadej Poga\u010dar, ciclistul de la echipa UAE Team Emirates-XRG, a reu\u0219it s\u0103 ob\u021bin\u0103 al cincilea s\u0103u succes al sezonului 2026, \u00een doar a \u0219aptea zi de competi\u021bie din acest an. Etapa de miercuri din cadrul Tour de Romandie a marcat prima ascensiune montan\u0103 semnificativ\u0103 a [&hellip;]<\/p>\n","protected":false},"author":6,"featured_media":16732,"comment_status":"open","ping_status":"open","sticky":false,"template":"","format":"standard","meta":{"jnews-multi-image_gallery":[],"jnews_single_post":[],"jnews_primary_category":[],"jnews_override_counter":[],"footnotes":""},"categories":[46],"tags":[19014,1593,19011,11303,14280,19013,19012,64],"class_list":["post-16731","post","type-post","status-publish","format-standard","has-post-thumbnail","hentry","category-sport","tag-ascensiune-montana","tag-ciclism","tag-liege-bastogne-liege","tag-sprint","tag-tadej-pogacar","tag-tour-de-romandie","tag-uae-team-emirates-xrg","tag-victorie"],"_links":{"self":[{"href":"https:\/\/www.newsrecorder.ro\/app\/wp-json\/wp\/v2\/posts\/16731","targetHints":{"allow":["GET"]}}],"collection":[{"href":"https:\/\/www.newsrecorder.ro\/app\/wp-json\/wp\/v2\/posts"}],"about":[{"href":"https:\/\/www.newsrecorder.ro\/app\/wp-json\/wp\/v2\/types\/post"}],"author":[{"embeddable":true,"href":"https:\/\/www.newsrecorder.ro\/app\/wp-json\/wp\/v2\/users\/6"}],"replies":[{"embeddable":true,"href":"https:\/\/www.newsrecorder.ro\/app\/wp-json\/wp\/v2\/comments?post=16731"}],"version-history":[{"count":0,"href":"https:\/\/www.newsrecorder.ro\/app\/wp-json\/wp\/v2\/posts\/16731\/revisions"}],"wp:featuredmedia":[{"embeddable":true,"href":"https:\/\/www.newsrecorder.ro\/app\/wp-json\/wp\/v2\/media\/16732"}],"wp:attachment":[{"href":"https:\/\/www.newsrecorder.ro\/app\/wp-json\/wp\/v2\/media?parent=16731"}],"wp:term":[{"taxonomy":"category","embeddable":true,"href":"https:\/\/www.newsrecorder.ro\/app\/wp-json\/wp\/v2\/categories?post=16731"},{"taxonomy":"post_tag","embeddable":true,"href":"https:\/\/www.newsrecorder.ro\/app\/wp-json\/wp\/v2\/tags?post=16731"}],"curies":[{"name":"wp","href":"https:\/\/api.w.org\/{rel}","templated":true}]}}