{"id":16737,"date":"2026-04-30T03:32:32","date_gmt":"2026-04-30T03:32:32","guid":{"rendered":"https:\/\/www.newsrecorder.ro\/app\/2026\/04\/30\/navele-catre-gaza-blocate-de-marina-israeliana-contact-pierdut\/"},"modified":"2026-04-30T03:32:32","modified_gmt":"2026-04-30T03:32:32","slug":"navele-catre-gaza-blocate-de-marina-israeliana-contact-pierdut","status":"publish","type":"post","link":"https:\/\/www.newsrecorder.ro\/app\/2026\/04\/30\/navele-catre-gaza-blocate-de-marina-israeliana-contact-pierdut\/","title":{"rendered":"Navele c\u0103tre Gaza blocate de marina israelian\u0103: contact pierdut!"},"content":{"rendered":"<p style=\"text-align: left\">Conform informa\u021biilor furnizate de Flotila Global\u0103 Sumud, un grup format din peste 50 de nave care au plecat din Fran\u021ba, Spania \u0219i Italia, for\u021bele navale israeliene au interceptat convoiul, \u00eendrept\u00e2nd amenin\u021b\u0103ri c\u0103tre participan\u021bi. Se raporteaz\u0103 c\u0103 unele dintre ambarca\u021biuni au fost oprite \u0219i abordate de c\u0103tre autorit\u0103\u021bile israeliene.<\/p>\n<p style=\"text-align: left\">Organiza\u021bia a declarat c\u0103 militarii israelieni au folosit lasere \u0219i arme de asalt, ordon\u00e2nd participan\u021bilor s\u0103 se adune \u0219i s\u0103 \u00eengenuncheze.<\/p>\n<p style=\"text-align: left\">\u00centr-un mesaj distribuit pe platforma X \u0219i preluat de <a href=\"https:\/\/www.lefigaro.fr\/international\/blocus-de-gaza-une-nouvelle-flottille-affirme-avoir-ete-encerclee-par-la-marine-israelienne-20260430\" target=\"_blank\" rel=\"noopener\">Le Figaro<\/a>, coordonatorii flotilei au anun\u021bat c\u0103 \u201es-a pierdut contactul cu 11 nave\u201d din convoi.<\/p>\n<p style=\"text-align: left\">\u201eNavele noastre au fost abordate de ambarca\u021biuni militare care s-au identificat ca fiind din Israel\u201d, a explicat organiza\u021bia, subliniind c\u0103 persoanele de la bord au fost \u201eamenin\u021bate cu lasere \u0219i arme de asalt semi-automate\u201d, fiind obligate s\u0103 \u201ese adune \u00een partea din fa\u021b\u0103 a navelor \u0219i s\u0103 se a\u0219eze \u00een genunchi\u201d.<\/p>\n<p style=\"text-align: left\">Conform sistemelor de monitorizare ale organiza\u021biei, flotila se afl\u0103 \u00een prezent \u00een largul coastelor Greciei, la vest de insula Creta.<\/p>\n<p style=\"text-align: left\">Aceast\u0103 ini\u021biativ\u0103 face parte dintr-o serie de ac\u021biuni maritime care contest\u0103 blocada impus\u0103 de Israel asupra F\u00e2\u0219iei Gaza din anul 2007. La \u00eenceputul lunii octombrie 2025, o misiune similar\u0103 a fost interceptat\u0103 de for\u021bele israeliene \u00een apropierea coastelor Egiptului \u0219i Gazei, iar participan\u021bii au fost re\u021binu\u021bi \u0219i ulterior expulza\u021bi.<\/p>\n<p style=\"text-align: left\">Israeli\u021bii men\u021bin o blocad\u0103 de aproape dou\u0103 decenii asupra F\u00e2\u0219iei Gaza, teritoriu controlat de Hamas, \u00een contextul conflictului cu mi\u0219carea islamist\u0103 palestinian\u0103. Aceast\u0103 m\u0103sur\u0103 implic\u0103 restric\u021bii severe asupra circula\u021biei persoanelor \u0219i bunurilor, inclusiv limitarea accesului pe mare \u0219i control strict al punctelor de trecere terestre.<\/p>\n<p style=\"text-align: left\">Autorit\u0103\u021bile israeliene argumenteaz\u0103 c\u0103 blocada este necesar\u0103 pentru securitate, av\u00e2nd \u00een vedere confrunt\u0103rile \u0219i atacurile din zon\u0103. Cu toate acestea, Organiza\u021bia Na\u021biunilor Unite \u0219i alte organiza\u021bii umanitare interna\u021bionale, \u00eempreun\u0103 cu numeroase ONG-uri, au criticat \u00een mod constant aceast\u0103 blocad\u0103, avertiz\u00e2nd c\u0103 restric\u021biile afecteaz\u0103 grav accesul la alimente, medicamente \u0219i alte bunuri esen\u021biale, contribuind astfel la agravarea crizei umanitare din F\u00e2\u0219ia Gaza.<\/p>\n","protected":false},"excerpt":{"rendered":"<p>Conform informa\u021biilor furnizate de Flotila Global\u0103 Sumud, un grup format din peste 50 de nave care au plecat din Fran\u021ba, Spania \u0219i Italia, for\u021bele navale israeliene au interceptat convoiul, \u00eendrept\u00e2nd amenin\u021b\u0103ri c\u0103tre participan\u021bi. Se raporteaz\u0103 c\u0103 unele dintre ambarca\u021biuni au fost oprite \u0219i abordate de c\u0103tre autorit\u0103\u021bile israeliene. Organiza\u021bia a declarat c\u0103 militarii israelieni au [&hellip;]<\/p>\n","protected":false},"author":2,"featured_media":16738,"comment_status":"open","ping_status":"open","sticky":false,"template":"","format":"standard","meta":{"jnews-multi-image_gallery":[],"jnews_single_post":[],"jnews_primary_category":[],"jnews_override_counter":[],"footnotes":""},"categories":[41],"tags":[414,19022,19025,19021,19019,19020,19023,19024],"class_list":["post-16737","post","type-post","status-publish","format-standard","has-post-thumbnail","hentry","category-externe","tag-amenintari","tag-arme-de-asalt","tag-contact-pierdut","tag-convoi","tag-flotila-globala-sumud","tag-fortele-navale-israeliene","tag-lasere","tag-nave-interceptate"],"_links":{"self":[{"href":"https:\/\/www.newsrecorder.ro\/app\/wp-json\/wp\/v2\/posts\/16737","targetHints":{"allow":["GET"]}}],"collection":[{"href":"https:\/\/www.newsrecorder.ro\/app\/wp-json\/wp\/v2\/posts"}],"about":[{"href":"https:\/\/www.newsrecorder.ro\/app\/wp-json\/wp\/v2\/types\/post"}],"author":[{"embeddable":true,"href":"https:\/\/www.newsrecorder.ro\/app\/wp-json\/wp\/v2\/users\/2"}],"replies":[{"embeddable":true,"href":"https:\/\/www.newsrecorder.ro\/app\/wp-json\/wp\/v2\/comments?post=16737"}],"version-history":[{"count":0,"href":"https:\/\/www.newsrecorder.ro\/app\/wp-json\/wp\/v2\/posts\/16737\/revisions"}],"wp:featuredmedia":[{"embeddable":true,"href":"https:\/\/www.newsrecorder.ro\/app\/wp-json\/wp\/v2\/media\/16738"}],"wp:attachment":[{"href":"https:\/\/www.newsrecorder.ro\/app\/wp-json\/wp\/v2\/media?parent=16737"}],"wp:term":[{"taxonomy":"category","embeddable":true,"href":"https:\/\/www.newsrecorder.ro\/app\/wp-json\/wp\/v2\/categories?post=16737"},{"taxonomy":"post_tag","embeddable":true,"href":"https:\/\/www.newsrecorder.ro\/app\/wp-json\/wp\/v2\/tags?post=16737"}],"curies":[{"name":"wp","href":"https:\/\/api.w.org\/{rel}","templated":true}]}}