{"id":16745,"date":"2026-04-30T03:42:07","date_gmt":"2026-04-30T03:42:07","guid":{"rendered":"https:\/\/www.newsrecorder.ro\/app\/2026\/04\/30\/trump-ii-spune-lui-putin-incheie-razboiul-ucraina-e-infranta\/"},"modified":"2026-04-30T03:42:07","modified_gmt":"2026-04-30T03:42:07","slug":"trump-ii-spune-lui-putin-incheie-razboiul-ucraina-e-infranta","status":"publish","type":"post","link":"https:\/\/www.newsrecorder.ro\/app\/2026\/04\/30\/trump-ii-spune-lui-putin-incheie-razboiul-ucraina-e-infranta\/","title":{"rendered":"Trump \u00eei spune lui Putin: \u201e\u00cencheie r\u0103zboiul, Ucraina e \u00eenfr\u00e2nt\u0103!\u201d"},"content":{"rendered":"<p>\u00cen cadrul unei \u00eent\u00e2lniri cu echipajul misiunii Artemis II, pre\u0219edintele american Donald Trump a fost \u00eentrebat de jurnali\u0219ti, \u00een Biroul Oval, despre posibila \u00eencheiere a conflictelor din Iran \u0219i Ucraina. El a men\u021bionat c\u0103 discu\u021bia sa cu liderul de la Kremlin, Vladimir Putin, s-a concentrat \u00een principal pe Ucraina, dar a inclus \u0219i situa\u021bia tensionat\u0103 din Iran.<\/p>\n<p>\u201eAm discutat despre Ucraina \u0219i am abordat pu\u021bin \u0219i subiectul Iranului. Putin nu dore\u0219te s\u0103 vad\u0103 iranienii dob\u00e2ndind o arm\u0103 nuclear\u0103\u201d, a declarat Trump, subliniind \u00eengrijor\u0103rile globale legate de proliferarea nuclear\u0103.<\/p>\n<p>\u00cen cadrul conversa\u021biei, Trump a sugerat o posibil\u0103 \u00eencetare a focului, afirm\u00e2nd: \u201eAm propus, \u00eentr-o oarecare m\u0103sur\u0103, o \u00eencetare a focului. Cred c\u0103 ar putea s\u0103 fac\u0103 acest lucru. Ar putea s\u0103 anun\u021be ceva \u00een aceast\u0103 direc\u021bie.\u201d<\/p>\n<p>De asemenea, pre\u0219edintele american a ad\u0103ugat c\u0103 Putin \u201ear dori s\u0103 ajute\u201d \u00een negocierile privind Iranul, \u00eens\u0103 a fost clar \u00een privin\u021ba priorit\u0103\u021bilor sale: \u201eI-am spus: \u00eenainte s\u0103 m\u0103 aju\u021bi, vreau s\u0103-\u021bi \u00eenchei r\u0103zboiul din Ucraina.\u201d<\/p>\n<p>Trump a subliniat c\u0103 \u00eel cunoa\u0219te pe Putin de mult timp \u0219i a sugerat c\u0103 liderul rus ar fi fost preg\u0103tit s\u0103 ajung\u0103 la un acord mai devreme. \u201eCred c\u0103 era gata s\u0103 fac\u0103 un acord mai demult, dar unii oameni i-au \u00eengreunat acest lucru\u201d, a explicat el.<\/p>\n<p>C\u00e2nd a fost \u00eentrebat despre evolu\u021bia conflictelor, Trump a recunoscut c\u0103 nu \u0219tie care dintre r\u0103zboaie &#8211; cel din Iran sau cel din Ucraina &#8211; se va \u00eencheia primul, dar a men\u021bionat c\u0103 ambele ar putea urma \u201eun calendar similar\u201d.<\/p>\n<p>\u00cen acela\u0219i timp, Trump a declarat c\u0103 Ucraina se confrunt\u0103 cu o \u201e\u00eenfr\u00e2ngere militar\u0103\u201d \u0219i a subliniat c\u0103 nu mai dispune de o flot\u0103 naval\u0103: \u201eUita\u021bi-v\u0103: marina lor \u2013 aveau 159 de nave. Fiecare nav\u0103 este acum sub ap\u0103. De obicei, asta spune totul\u201d.<\/p>\n","protected":false},"excerpt":{"rendered":"<p>\u00cen cadrul unei \u00eent\u00e2lniri cu echipajul misiunii Artemis II, pre\u0219edintele american Donald Trump a fost \u00eentrebat de jurnali\u0219ti, \u00een Biroul Oval, despre posibila \u00eencheiere a conflictelor din Iran \u0219i Ucraina. El a men\u021bionat c\u0103 discu\u021bia sa cu liderul de la Kremlin, Vladimir Putin, s-a concentrat \u00een principal pe Ucraina, dar a inclus \u0219i situa\u021bia tensionat\u0103 [&hellip;]<\/p>\n","protected":false},"author":2,"featured_media":16746,"comment_status":"open","ping_status":"open","sticky":false,"template":"","format":"standard","meta":{"jnews-multi-image_gallery":[],"jnews_single_post":[],"jnews_primary_category":[],"jnews_override_counter":[],"footnotes":""},"categories":[41],"tags":[2994,15147,913,13937,19027,1887,1735,682],"class_list":["post-16745","post","type-post","status-publish","format-standard","has-post-thumbnail","hentry","category-externe","tag-conflicte","tag-incetare-a-focului","tag-iran","tag-misiunea-artemis-ii","tag-proliferare-nucleara","tag-putin","tag-trump","tag-ucraina"],"_links":{"self":[{"href":"https:\/\/www.newsrecorder.ro\/app\/wp-json\/wp\/v2\/posts\/16745","targetHints":{"allow":["GET"]}}],"collection":[{"href":"https:\/\/www.newsrecorder.ro\/app\/wp-json\/wp\/v2\/posts"}],"about":[{"href":"https:\/\/www.newsrecorder.ro\/app\/wp-json\/wp\/v2\/types\/post"}],"author":[{"embeddable":true,"href":"https:\/\/www.newsrecorder.ro\/app\/wp-json\/wp\/v2\/users\/2"}],"replies":[{"embeddable":true,"href":"https:\/\/www.newsrecorder.ro\/app\/wp-json\/wp\/v2\/comments?post=16745"}],"version-history":[{"count":0,"href":"https:\/\/www.newsrecorder.ro\/app\/wp-json\/wp\/v2\/posts\/16745\/revisions"}],"wp:featuredmedia":[{"embeddable":true,"href":"https:\/\/www.newsrecorder.ro\/app\/wp-json\/wp\/v2\/media\/16746"}],"wp:attachment":[{"href":"https:\/\/www.newsrecorder.ro\/app\/wp-json\/wp\/v2\/media?parent=16745"}],"wp:term":[{"taxonomy":"category","embeddable":true,"href":"https:\/\/www.newsrecorder.ro\/app\/wp-json\/wp\/v2\/categories?post=16745"},{"taxonomy":"post_tag","embeddable":true,"href":"https:\/\/www.newsrecorder.ro\/app\/wp-json\/wp\/v2\/tags?post=16745"}],"curies":[{"name":"wp","href":"https:\/\/api.w.org\/{rel}","templated":true}]}}