{"id":16747,"date":"2026-04-30T05:21:41","date_gmt":"2026-04-30T05:21:41","guid":{"rendered":"https:\/\/www.newsrecorder.ro\/app\/2026\/04\/30\/tanczos-barna-mercosur-nu-va-provoca-falimente-imediate\/"},"modified":"2026-04-30T05:21:41","modified_gmt":"2026-04-30T05:21:41","slug":"tanczos-barna-mercosur-nu-va-provoca-falimente-imediate","status":"publish","type":"post","link":"https:\/\/www.newsrecorder.ro\/app\/2026\/04\/30\/tanczos-barna-mercosur-nu-va-provoca-falimente-imediate\/","title":{"rendered":"Tanczos Barna: MERCOSUR nu va provoca falimente imediate!"},"content":{"rendered":"<p>Vicepremierul Tanczos Barna a declarat c\u0103 intrarea \u00een vigoare a acordului MERCOSUR, programat\u0103 pentru 1 mai, nu va duce la falimente imediate \u00een r\u00e2ndul agricultorilor rom\u00e2ni. \u00cen ciuda faptului c\u0103 recunoa\u0219te existen\u021ba unei amenin\u021b\u0103ri reale, el subliniaz\u0103 necesitatea de a ini\u021bia negocieri rapide cu procesatorii \u0219i retailerii, av\u00e2nd ca scop sprijinirea produselor de carne de porc autohtone.<\/p>\n<p>MERCOSUR reprezint\u0103 o provocare pentru fermierii din \u00eentreaga Europ\u0103, dar Tanczos Barna caut\u0103 s\u0103 tempereze aceste temeri, afirm\u00e2nd c\u0103 scenariile de faliment iminent nu sunt deloc realiste. De\u0219i acordul afecteaz\u0103 diverse sectoare economice, agricultura nu a fost prioritatea principal\u0103 \u00een cadrul negocierilor.<\/p>\n<p>\u00cen centrul preocup\u0103rilor guvernului se afl\u0103 pia\u021ba c\u0103rnii de porc rom\u00e2ne\u0219ti. Tanczos Barna a purtat deja discu\u021bii cu produc\u0103torii locali \u0219i planific\u0103 \u00eent\u00e2lniri cu procesatorii \u0219i marii retaileri. Obiectivul este crearea unui lan\u021b scurt de distribu\u021bie, astfel \u00eenc\u00e2t carnea de porc proasp\u0103t\u0103 din Rom\u00e2nia s\u0103 ajung\u0103 direct la consumatori, f\u0103r\u0103 intermediari.<\/p>\n<p>Pe l\u00e2ng\u0103 aceste m\u0103suri, institu\u021biile relevante, precum ANSVSA \u0219i ANPC, sunt implicate \u00een aceast\u0103 ini\u021biativ\u0103. Se caut\u0103 solu\u021bii de reglementare care s\u0103 asigure o concuren\u021b\u0103 corect\u0103 pe pia\u021b\u0103. Este important de men\u021bionat c\u0103 au fost investite resurse semnificative din fonduri europene \u0219i din bugetul na\u021bional pentru a cre\u0219te capacitatea de produc\u021bie. Acum este esen\u021bial s\u0103 se implementeze \u0219i mecanismele necesare pentru a facilita v\u00e2nzarea produselor.<\/p>\n","protected":false},"excerpt":{"rendered":"<p>Vicepremierul Tanczos Barna a declarat c\u0103 intrarea \u00een vigoare a acordului MERCOSUR, programat\u0103 pentru 1 mai, nu va duce la falimente imediate \u00een r\u00e2ndul agricultorilor rom\u00e2ni. \u00cen ciuda faptului c\u0103 recunoa\u0219te existen\u021ba unei amenin\u021b\u0103ri reale, el subliniaz\u0103 necesitatea de a ini\u021bia negocieri rapide cu procesatorii \u0219i retailerii, av\u00e2nd ca scop sprijinirea produselor de carne de [&hellip;]<\/p>\n","protected":false},"author":4,"featured_media":16748,"comment_status":"open","ping_status":"open","sticky":false,"template":"","format":"standard","meta":{"jnews-multi-image_gallery":[],"jnews_single_post":[],"jnews_primary_category":[],"jnews_override_counter":[],"footnotes":""},"categories":[40],"tags":[467,17288,9767,296,686,11207,16096,4613],"class_list":["post-16747","post","type-post","status-publish","format-standard","has-post-thumbnail","hentry","category-econonie","tag-agricultura","tag-carne-de-porc","tag-fermieri","tag-mercosur","tag-negocieri","tag-produse-autohtone","tag-retaileri","tag-tanczos-barna"],"_links":{"self":[{"href":"https:\/\/www.newsrecorder.ro\/app\/wp-json\/wp\/v2\/posts\/16747","targetHints":{"allow":["GET"]}}],"collection":[{"href":"https:\/\/www.newsrecorder.ro\/app\/wp-json\/wp\/v2\/posts"}],"about":[{"href":"https:\/\/www.newsrecorder.ro\/app\/wp-json\/wp\/v2\/types\/post"}],"author":[{"embeddable":true,"href":"https:\/\/www.newsrecorder.ro\/app\/wp-json\/wp\/v2\/users\/4"}],"replies":[{"embeddable":true,"href":"https:\/\/www.newsrecorder.ro\/app\/wp-json\/wp\/v2\/comments?post=16747"}],"version-history":[{"count":0,"href":"https:\/\/www.newsrecorder.ro\/app\/wp-json\/wp\/v2\/posts\/16747\/revisions"}],"wp:featuredmedia":[{"embeddable":true,"href":"https:\/\/www.newsrecorder.ro\/app\/wp-json\/wp\/v2\/media\/16748"}],"wp:attachment":[{"href":"https:\/\/www.newsrecorder.ro\/app\/wp-json\/wp\/v2\/media?parent=16747"}],"wp:term":[{"taxonomy":"category","embeddable":true,"href":"https:\/\/www.newsrecorder.ro\/app\/wp-json\/wp\/v2\/categories?post=16747"},{"taxonomy":"post_tag","embeddable":true,"href":"https:\/\/www.newsrecorder.ro\/app\/wp-json\/wp\/v2\/tags?post=16747"}],"curies":[{"name":"wp","href":"https:\/\/api.w.org\/{rel}","templated":true}]}}